{"id":6973,"date":"2022-01-28T11:34:18","date_gmt":"2022-01-28T14:34:18","guid":{"rendered":"https:\/\/prevconsulting.com\/site\/?p=6973"},"modified":"2022-01-28T11:34:18","modified_gmt":"2022-01-28T14:34:18","slug":"economia-global-retomada-ou-regressao","status":"publish","type":"post","link":"https:\/\/prevconsulting.com\/site\/economia-global-retomada-ou-regressao\/","title":{"rendered":"Economia Global, retomada ou regress\u00e3o"},"content":{"rendered":"<p><span style=\"font-weight: 400;\">A pandemia de covid-19, de fato, atrapalhou a economia mundial. As taxas de desemprego aumentaram e, consequentemente, o n\u00famero de pessoas em situa\u00e7\u00e3o de vulnerabilidade tamb\u00e9m. Mas agora que grande parte da popula\u00e7\u00e3o j\u00e1 foi vacinada, o que esperar da economia? Ser\u00e1 que mudan\u00e7as positivas est\u00e3o por vir? \u00c9 o que descobriremos a seguir!<\/span><\/p>\n<h2><span style=\"font-weight: 400;\">A vacina\u00e7\u00e3o garante a retomada da economia?<\/span><\/h2>\n<p><span style=\"font-weight: 400;\">Inicialmente n\u00e3o havia nenhuma vacina contra a covid-19, o que assustava a todos. A falta de vacinas tamb\u00e9m tornava a retomada da economia ainda mais incerta. Por isso, a expectativa para o in\u00edcio da vacina\u00e7\u00e3o foi muito alta.<\/span><\/p>\n<p><span style=\"font-weight: 400;\">Mas agora que boa parte da popula\u00e7\u00e3o est\u00e1 imunizada, significa que a economia ser\u00e1 retomada? A verdade \u00e9 que n\u00e3o h\u00e1 nenhuma garantia de que o avan\u00e7o da vacina\u00e7\u00e3o promova uma evolu\u00e7\u00e3o econ\u00f4mica.<\/span><\/p>\n<p><span style=\"font-weight: 400;\">A pandemia trouxe um avan\u00e7o muito r\u00e1pido do desemprego, o Brasil voltou ao mapa da fome e as empresas precisaram cortar funcion\u00e1rios do quadro para conseguir se manter em funcionamento. Poucos foram os setores que de fato n\u00e3o sofreram grandes interfer\u00eancias da pandemia. O Produto Interno Bruto (PIB) do Brasil sofreu uma queda hist\u00f3rica, evidenciando as taxas muito baixas de produ\u00e7\u00e3o.<\/span><\/p>\n<h2><span style=\"font-weight: 400;\">Quais as perspectivas para a economia no p\u00f3s-pandemia?<\/span><\/h2>\n<p><span style=\"font-weight: 400;\">O Fundo Monet\u00e1rio Internacional (FMI) alerta que a economia levar\u00e1 um tempo muito longo e lento para se recuperar dos preju\u00edzos provocados pela pandemia. O Banco Central e tamb\u00e9m o Minist\u00e9rio da Economia n\u00e3o apresentam previs\u00f5es positivas.<\/span><\/p>\n<p><span style=\"font-weight: 400;\">A quest\u00e3o aqui n\u00e3o \u00e9 a negatividade, mas sim ter uma postura realista. Os efeitos do isolamento social provocaram grandes consequ\u00eancias. Estas consequ\u00eancias atingiram a economia de uma maneira avassaladora, n\u00e3o s\u00f3 no Brasil, mas em todo o mundo.<\/span><\/p>\n<p><span style=\"font-weight: 400;\">Mas h\u00e1 previs\u00f5es tamb\u00e9m de que a taxa de desemprego n\u00e3o suba tanto, j\u00e1 que muita gente est\u00e1 voltando para os seus postos de trabalho agora que o isolamento social diminuiu. Mas o sal\u00e1rio m\u00ednimo, que subiu de 1.100 para 1.212 tende a n\u00e3o fazer tanta diferen\u00e7a assim na vida dos trabalhadores por causa da infla\u00e7\u00e3o.<\/span><\/p>\n<p><span style=\"font-weight: 400;\">Previs\u00f5es indicam que a economia s\u00f3 voltar\u00e1 a crescer dois anos depois do fim da pandemia.<\/span><\/p>\n<h2><span style=\"font-weight: 400;\">Infla\u00e7\u00e3o<\/span><\/h2>\n<p><span style=\"font-weight: 400;\">Infla\u00e7\u00e3o \u00e9 o nome que se d\u00e1 para o aumento dos pre\u00e7os dos produtos e servi\u00e7os. O Instituto Brasileiro de Geografia e Estat\u00edstica (IBGE) produz dois tipos de \u00edndices: o IPCA (\u00cdndice Nacional de Pre\u00e7os ao Consumidor Amplo) e o INPC (\u00cdndice Nacional de Pre\u00e7os ao Consumidor). O objetivo tanto do IPCA quanto do INPC \u00e9 medir o pre\u00e7o da cesta b\u00e1sica que \u00e9 consumida pela popula\u00e7\u00e3o.<\/span><\/p>\n<p><span style=\"font-weight: 400;\">No p\u00f3s-pandemia a previs\u00e3o se cumpriu: a infla\u00e7\u00e3o fechou o ano de 2021 em 10,42%. Sendo assim, o sal\u00e1rio m\u00ednimo foi ajustado, mas ainda n\u00e3o consegue dar conta dos altos valores pagos pelos alimentos.<\/span><\/p>\n<h2><span style=\"font-weight: 400;\">Mas quando ser\u00e1 o fim da pandemia?<\/span><\/h2>\n<p><span style=\"font-weight: 400;\">O fim da pandemia de covid-19 ainda \u00e9 incerto. Apesar das vacinas terem sido produzidas e serem aplicadas constantemente na popula\u00e7\u00e3o, ainda h\u00e1 muitas pessoas que n\u00e3o querem se vacinar e h\u00e1 pa\u00edses onde n\u00e3o h\u00e1 verba para o imunizante.<\/span><\/p>\n<p><span style=\"font-weight: 400;\">Assim, novas variantes surgem, apesar do avan\u00e7o da vacina\u00e7\u00e3o. O problema \u00e9 que as variantes surgem depois do desenvolvimento das vacinas e, por isso, at\u00e9 as pessoas que j\u00e1 est\u00e3o imunizadas podem sofrer a contamina\u00e7\u00e3o, ainda que com sintomas leves.<\/span><\/p>\n<p><span style=\"font-weight: 400;\">Algumas variantes se apresentam de maneira mais leve, como \u00e9 o caso da \u00f4micron. Ela provoca menos interna\u00e7\u00f5es, menos mortes e apresenta sintomas mais leves. Alguns especialistas acreditam que ela pode ser a fase final da pandemia, mas ainda n\u00e3o se sabe ao certo.<\/span><\/p>\n<p><span style=\"font-weight: 400;\">O que nos resta \u00e9 pensar nas finan\u00e7as de maneira mais consciente, investir de maneira mais estrat\u00e9gica e se preparar para o que vem pela frente. A pandemia ainda n\u00e3o acabou e as suas maiores consequ\u00eancias ainda est\u00e3o por vir.<\/span><\/p>\n<p><span style=\"font-weight: 400;\">A Prevconsulting \u00e9 uma empresa de assessoria patrimonial que te ajuda a entender mais sobre o mercado financeiro e sobre investimentos. Continue no <a href=\"https:\/\/prevconsulting.com\/site\/blog-da-prevconsulting\/\">nosso site e leia<\/a> mais sobre economia e as perspectivas no mundo p\u00f3s-covid! Assim, voc\u00ea fica por dentro de todas as novidades a respeito das mudan\u00e7as econ\u00f4micas e quais os momentos adequados para investir.<\/span><\/p>\n","protected":false},"excerpt":{"rendered":"<p>A pandemia de covid-19, de fato, atrapalhou a economia mundial. As taxas de desemprego aumentaram e, consequentemente, o n\u00famero de pessoas em situa\u00e7\u00e3o de vulnerabilidade tamb\u00e9m. Mas agora que grande parte da popula\u00e7\u00e3o j\u00e1 foi vacinada, o que esperar da economia? Ser\u00e1 que mudan\u00e7as positivas est\u00e3o por vir? \u00c9 o que descobriremos a seguir! A [&hellip;]<\/p>\n","protected":false},"author":1,"featured_media":6975,"comment_status":"open","ping_status":"open","sticky":false,"template":"","format":"standard","meta":{"footnotes":""},"categories":[15,24,52],"tags":[219,197,189,221,205,48,220],"class_list":["post-6973","post","type-post","status-publish","format-standard","has-post-thumbnail","hentry","category-blog","category-investimentos","category-novidades","tag-economia-global","tag-economia-mundial","tag-pandemia","tag-populacao","tag-pos-pandemia","tag-prevconsulting","tag-retomada"],"yoast_head":"<!-- This site is optimized with the Yoast SEO plugin v26.0 - https:\/\/yoast.com\/wordpress\/plugins\/seo\/ -->\n<title>Economia Global, retomada ou regress\u00e3o | Blog PrevConsulting<\/title>\n<meta name=\"description\" content=\"A pandemia de covid-19, de fato, atrapalhou a economia mundial. Mas agora que grande parte da popula\u00e7\u00e3o j\u00e1 foi vacinada, o que esperar dela?\" \/>\n<meta name=\"robots\" content=\"index, follow, max-snippet:-1, max-image-preview:large, max-video-preview:-1\" \/>\n<link rel=\"canonical\" href=\"https:\/\/prevconsulting.com\/site\/economia-global-retomada-ou-regressao\/\" \/>\n<meta property=\"og:locale\" content=\"pt_BR\" \/>\n<meta property=\"og:type\" content=\"article\" \/>\n<meta property=\"og:title\" content=\"Economia Global, retomada ou regress\u00e3o | Blog PrevConsulting\" \/>\n<meta property=\"og:description\" content=\"A pandemia de covid-19, de fato, atrapalhou a economia mundial. Mas agora que grande parte da popula\u00e7\u00e3o j\u00e1 foi vacinada, o que esperar dela?\" \/>\n<meta property=\"og:url\" content=\"https:\/\/prevconsulting.com\/site\/economia-global-retomada-ou-regressao\/\" \/>\n<meta property=\"og:site_name\" content=\"PrevConsulting\" \/>\n<meta property=\"article:publisher\" content=\"https:\/\/www.facebook.com\/prevconsulting\" \/>\n<meta property=\"article:published_time\" content=\"2022-01-28T14:34:18+00:00\" \/>\n<meta property=\"og:image\" content=\"https:\/\/prevconsulting.com\/site\/wp-content\/uploads\/2022\/01\/Prevconsulting.png\" \/>\n\t<meta property=\"og:image:width\" content=\"1200\" \/>\n\t<meta property=\"og:image:height\" content=\"628\" \/>\n\t<meta property=\"og:image:type\" content=\"image\/png\" \/>\n<meta name=\"author\" content=\"propagatur\" \/>\n<meta name=\"twitter:card\" content=\"summary_large_image\" \/>\n<meta name=\"twitter:label1\" content=\"Escrito por\" \/>\n\t<meta name=\"twitter:data1\" content=\"propagatur\" \/>\n\t<meta name=\"twitter:label2\" content=\"Est. tempo de leitura\" \/>\n\t<meta name=\"twitter:data2\" content=\"3 minutos\" \/>\n<script type=\"application\/ld+json\" class=\"yoast-schema-graph\">{\"@context\":\"https:\/\/schema.org\",\"@graph\":[{\"@type\":\"Article\",\"@id\":\"https:\/\/prevconsulting.com\/site\/economia-global-retomada-ou-regressao\/#article\",\"isPartOf\":{\"@id\":\"https:\/\/prevconsulting.com\/site\/economia-global-retomada-ou-regressao\/\"},\"author\":{\"name\":\"propagatur\",\"@id\":\"https:\/\/prevconsulting.com\/site\/#\/schema\/person\/02655bfb85a1b4438a5e96ae641d1870\"},\"headline\":\"Economia Global, retomada ou regress\u00e3o\",\"datePublished\":\"2022-01-28T14:34:18+00:00\",\"mainEntityOfPage\":{\"@id\":\"https:\/\/prevconsulting.com\/site\/economia-global-retomada-ou-regressao\/\"},\"wordCount\":749,\"commentCount\":0,\"publisher\":{\"@id\":\"https:\/\/prevconsulting.com\/site\/#organization\"},\"image\":{\"@id\":\"https:\/\/prevconsulting.com\/site\/economia-global-retomada-ou-regressao\/#primaryimage\"},\"thumbnailUrl\":\"https:\/\/prevconsulting.com\/site\/wp-content\/uploads\/2022\/01\/Prevconsulting.png\",\"keywords\":[\"economia global\",\"Economia mundial\",\"pandemia\",\"popula\u00e7\u00e3o\",\"p\u00f3s-pandemia\",\"PrevConsulting\",\"retomada\"],\"articleSection\":[\"Blog\",\"Investimentos\",\"Novidades\"],\"inLanguage\":\"pt-BR\"},{\"@type\":\"WebPage\",\"@id\":\"https:\/\/prevconsulting.com\/site\/economia-global-retomada-ou-regressao\/\",\"url\":\"https:\/\/prevconsulting.com\/site\/economia-global-retomada-ou-regressao\/\",\"name\":\"Economia Global, retomada ou regress\u00e3o | Blog PrevConsulting\",\"isPartOf\":{\"@id\":\"https:\/\/prevconsulting.com\/site\/#website\"},\"primaryImageOfPage\":{\"@id\":\"https:\/\/prevconsulting.com\/site\/economia-global-retomada-ou-regressao\/#primaryimage\"},\"image\":{\"@id\":\"https:\/\/prevconsulting.com\/site\/economia-global-retomada-ou-regressao\/#primaryimage\"},\"thumbnailUrl\":\"https:\/\/prevconsulting.com\/site\/wp-content\/uploads\/2022\/01\/Prevconsulting.png\",\"datePublished\":\"2022-01-28T14:34:18+00:00\",\"description\":\"A pandemia de covid-19, de fato, atrapalhou a economia mundial. Mas agora que grande parte da popula\u00e7\u00e3o j\u00e1 foi vacinada, o que esperar dela?\",\"breadcrumb\":{\"@id\":\"https:\/\/prevconsulting.com\/site\/economia-global-retomada-ou-regressao\/#breadcrumb\"},\"inLanguage\":\"pt-BR\",\"potentialAction\":[{\"@type\":\"ReadAction\",\"target\":[\"https:\/\/prevconsulting.com\/site\/economia-global-retomada-ou-regressao\/\"]}]},{\"@type\":\"ImageObject\",\"inLanguage\":\"pt-BR\",\"@id\":\"https:\/\/prevconsulting.com\/site\/economia-global-retomada-ou-regressao\/#primaryimage\",\"url\":\"https:\/\/prevconsulting.com\/site\/wp-content\/uploads\/2022\/01\/Prevconsulting.png\",\"contentUrl\":\"https:\/\/prevconsulting.com\/site\/wp-content\/uploads\/2022\/01\/Prevconsulting.png\",\"width\":1200,\"height\":628},{\"@type\":\"BreadcrumbList\",\"@id\":\"https:\/\/prevconsulting.com\/site\/economia-global-retomada-ou-regressao\/#breadcrumb\",\"itemListElement\":[{\"@type\":\"ListItem\",\"position\":1,\"name\":\"In\u00edcio\",\"item\":\"https:\/\/prevconsulting.com\/site\/\"},{\"@type\":\"ListItem\",\"position\":2,\"name\":\"Economia Global, retomada ou regress\u00e3o\"}]},{\"@type\":\"WebSite\",\"@id\":\"https:\/\/prevconsulting.com\/site\/#website\",\"url\":\"https:\/\/prevconsulting.com\/site\/\",\"name\":\"PrevConsulting\",\"description\":\"Consultoria Patrimonial\",\"publisher\":{\"@id\":\"https:\/\/prevconsulting.com\/site\/#organization\"},\"potentialAction\":[{\"@type\":\"SearchAction\",\"target\":{\"@type\":\"EntryPoint\",\"urlTemplate\":\"https:\/\/prevconsulting.com\/site\/?s={search_term_string}\"},\"query-input\":{\"@type\":\"PropertyValueSpecification\",\"valueRequired\":true,\"valueName\":\"search_term_string\"}}],\"inLanguage\":\"pt-BR\"},{\"@type\":\"Organization\",\"@id\":\"https:\/\/prevconsulting.com\/site\/#organization\",\"name\":\"PrevConsulting\",\"url\":\"https:\/\/prevconsulting.com\/site\/\",\"logo\":{\"@type\":\"ImageObject\",\"inLanguage\":\"pt-BR\",\"@id\":\"https:\/\/prevconsulting.com\/site\/#\/schema\/logo\/image\/\",\"url\":\"https:\/\/prevconsulting.com\/site\/wp-content\/uploads\/2024\/07\/favicon-prev.png\",\"contentUrl\":\"https:\/\/prevconsulting.com\/site\/wp-content\/uploads\/2024\/07\/favicon-prev.png\",\"width\":600,\"height\":600,\"caption\":\"PrevConsulting\"},\"image\":{\"@id\":\"https:\/\/prevconsulting.com\/site\/#\/schema\/logo\/image\/\"},\"sameAs\":[\"https:\/\/www.facebook.com\/prevconsulting\",\"https:\/\/www.instagram.com\/prevconsulting\/\",\"https:\/\/www.linkedin.com\/company\/prevconsulting\/\"]},{\"@type\":\"Person\",\"@id\":\"https:\/\/prevconsulting.com\/site\/#\/schema\/person\/02655bfb85a1b4438a5e96ae641d1870\",\"name\":\"propagatur\",\"image\":{\"@type\":\"ImageObject\",\"inLanguage\":\"pt-BR\",\"@id\":\"https:\/\/prevconsulting.com\/site\/#\/schema\/person\/image\/\",\"url\":\"https:\/\/secure.gravatar.com\/avatar\/341cd389e8cc99f685a9a5e2933011b39067d7eac043a5dd0117b04a05420808?s=96&d=mm&r=g\",\"contentUrl\":\"https:\/\/secure.gravatar.com\/avatar\/341cd389e8cc99f685a9a5e2933011b39067d7eac043a5dd0117b04a05420808?s=96&d=mm&r=g\",\"caption\":\"propagatur\"}}]}<\/script>\n<!-- \/ Yoast SEO plugin. -->","yoast_head_json":{"title":"Economia Global, retomada ou regress\u00e3o | Blog PrevConsulting","description":"A pandemia de covid-19, de fato, atrapalhou a economia mundial. Mas agora que grande parte da popula\u00e7\u00e3o j\u00e1 foi vacinada, o que esperar dela?","robots":{"index":"index","follow":"follow","max-snippet":"max-snippet:-1","max-image-preview":"max-image-preview:large","max-video-preview":"max-video-preview:-1"},"canonical":"https:\/\/prevconsulting.com\/site\/economia-global-retomada-ou-regressao\/","og_locale":"pt_BR","og_type":"article","og_title":"Economia Global, retomada ou regress\u00e3o | Blog PrevConsulting","og_description":"A pandemia de covid-19, de fato, atrapalhou a economia mundial. Mas agora que grande parte da popula\u00e7\u00e3o j\u00e1 foi vacinada, o que esperar dela?","og_url":"https:\/\/prevconsulting.com\/site\/economia-global-retomada-ou-regressao\/","og_site_name":"PrevConsulting","article_publisher":"https:\/\/www.facebook.com\/prevconsulting","article_published_time":"2022-01-28T14:34:18+00:00","og_image":[{"width":1200,"height":628,"url":"https:\/\/prevconsulting.com\/site\/wp-content\/uploads\/2022\/01\/Prevconsulting.png","type":"image\/png"}],"author":"propagatur","twitter_card":"summary_large_image","twitter_misc":{"Escrito por":"propagatur","Est. tempo de leitura":"3 minutos"},"schema":{"@context":"https:\/\/schema.org","@graph":[{"@type":"Article","@id":"https:\/\/prevconsulting.com\/site\/economia-global-retomada-ou-regressao\/#article","isPartOf":{"@id":"https:\/\/prevconsulting.com\/site\/economia-global-retomada-ou-regressao\/"},"author":{"name":"propagatur","@id":"https:\/\/prevconsulting.com\/site\/#\/schema\/person\/02655bfb85a1b4438a5e96ae641d1870"},"headline":"Economia Global, retomada ou regress\u00e3o","datePublished":"2022-01-28T14:34:18+00:00","mainEntityOfPage":{"@id":"https:\/\/prevconsulting.com\/site\/economia-global-retomada-ou-regressao\/"},"wordCount":749,"commentCount":0,"publisher":{"@id":"https:\/\/prevconsulting.com\/site\/#organization"},"image":{"@id":"https:\/\/prevconsulting.com\/site\/economia-global-retomada-ou-regressao\/#primaryimage"},"thumbnailUrl":"https:\/\/prevconsulting.com\/site\/wp-content\/uploads\/2022\/01\/Prevconsulting.png","keywords":["economia global","Economia mundial","pandemia","popula\u00e7\u00e3o","p\u00f3s-pandemia","PrevConsulting","retomada"],"articleSection":["Blog","Investimentos","Novidades"],"inLanguage":"pt-BR"},{"@type":"WebPage","@id":"https:\/\/prevconsulting.com\/site\/economia-global-retomada-ou-regressao\/","url":"https:\/\/prevconsulting.com\/site\/economia-global-retomada-ou-regressao\/","name":"Economia Global, retomada ou regress\u00e3o | Blog PrevConsulting","isPartOf":{"@id":"https:\/\/prevconsulting.com\/site\/#website"},"primaryImageOfPage":{"@id":"https:\/\/prevconsulting.com\/site\/economia-global-retomada-ou-regressao\/#primaryimage"},"image":{"@id":"https:\/\/prevconsulting.com\/site\/economia-global-retomada-ou-regressao\/#primaryimage"},"thumbnailUrl":"https:\/\/prevconsulting.com\/site\/wp-content\/uploads\/2022\/01\/Prevconsulting.png","datePublished":"2022-01-28T14:34:18+00:00","description":"A pandemia de covid-19, de fato, atrapalhou a economia mundial. Mas agora que grande parte da popula\u00e7\u00e3o j\u00e1 foi vacinada, o que esperar dela?","breadcrumb":{"@id":"https:\/\/prevconsulting.com\/site\/economia-global-retomada-ou-regressao\/#breadcrumb"},"inLanguage":"pt-BR","potentialAction":[{"@type":"ReadAction","target":["https:\/\/prevconsulting.com\/site\/economia-global-retomada-ou-regressao\/"]}]},{"@type":"ImageObject","inLanguage":"pt-BR","@id":"https:\/\/prevconsulting.com\/site\/economia-global-retomada-ou-regressao\/#primaryimage","url":"https:\/\/prevconsulting.com\/site\/wp-content\/uploads\/2022\/01\/Prevconsulting.png","contentUrl":"https:\/\/prevconsulting.com\/site\/wp-content\/uploads\/2022\/01\/Prevconsulting.png","width":1200,"height":628},{"@type":"BreadcrumbList","@id":"https:\/\/prevconsulting.com\/site\/economia-global-retomada-ou-regressao\/#breadcrumb","itemListElement":[{"@type":"ListItem","position":1,"name":"In\u00edcio","item":"https:\/\/prevconsulting.com\/site\/"},{"@type":"ListItem","position":2,"name":"Economia Global, retomada ou regress\u00e3o"}]},{"@type":"WebSite","@id":"https:\/\/prevconsulting.com\/site\/#website","url":"https:\/\/prevconsulting.com\/site\/","name":"PrevConsulting","description":"Consultoria Patrimonial","publisher":{"@id":"https:\/\/prevconsulting.com\/site\/#organization"},"potentialAction":[{"@type":"SearchAction","target":{"@type":"EntryPoint","urlTemplate":"https:\/\/prevconsulting.com\/site\/?s={search_term_string}"},"query-input":{"@type":"PropertyValueSpecification","valueRequired":true,"valueName":"search_term_string"}}],"inLanguage":"pt-BR"},{"@type":"Organization","@id":"https:\/\/prevconsulting.com\/site\/#organization","name":"PrevConsulting","url":"https:\/\/prevconsulting.com\/site\/","logo":{"@type":"ImageObject","inLanguage":"pt-BR","@id":"https:\/\/prevconsulting.com\/site\/#\/schema\/logo\/image\/","url":"https:\/\/prevconsulting.com\/site\/wp-content\/uploads\/2024\/07\/favicon-prev.png","contentUrl":"https:\/\/prevconsulting.com\/site\/wp-content\/uploads\/2024\/07\/favicon-prev.png","width":600,"height":600,"caption":"PrevConsulting"},"image":{"@id":"https:\/\/prevconsulting.com\/site\/#\/schema\/logo\/image\/"},"sameAs":["https:\/\/www.facebook.com\/prevconsulting","https:\/\/www.instagram.com\/prevconsulting\/","https:\/\/www.linkedin.com\/company\/prevconsulting\/"]},{"@type":"Person","@id":"https:\/\/prevconsulting.com\/site\/#\/schema\/person\/02655bfb85a1b4438a5e96ae641d1870","name":"propagatur","image":{"@type":"ImageObject","inLanguage":"pt-BR","@id":"https:\/\/prevconsulting.com\/site\/#\/schema\/person\/image\/","url":"https:\/\/secure.gravatar.com\/avatar\/341cd389e8cc99f685a9a5e2933011b39067d7eac043a5dd0117b04a05420808?s=96&d=mm&r=g","contentUrl":"https:\/\/secure.gravatar.com\/avatar\/341cd389e8cc99f685a9a5e2933011b39067d7eac043a5dd0117b04a05420808?s=96&d=mm&r=g","caption":"propagatur"}}]}},"_links":{"self":[{"href":"https:\/\/prevconsulting.com\/site\/wp-json\/wp\/v2\/posts\/6973","targetHints":{"allow":["GET"]}}],"collection":[{"href":"https:\/\/prevconsulting.com\/site\/wp-json\/wp\/v2\/posts"}],"about":[{"href":"https:\/\/prevconsulting.com\/site\/wp-json\/wp\/v2\/types\/post"}],"author":[{"embeddable":true,"href":"https:\/\/prevconsulting.com\/site\/wp-json\/wp\/v2\/users\/1"}],"replies":[{"embeddable":true,"href":"https:\/\/prevconsulting.com\/site\/wp-json\/wp\/v2\/comments?post=6973"}],"version-history":[{"count":4,"href":"https:\/\/prevconsulting.com\/site\/wp-json\/wp\/v2\/posts\/6973\/revisions"}],"predecessor-version":[{"id":6978,"href":"https:\/\/prevconsulting.com\/site\/wp-json\/wp\/v2\/posts\/6973\/revisions\/6978"}],"wp:featuredmedia":[{"embeddable":true,"href":"https:\/\/prevconsulting.com\/site\/wp-json\/wp\/v2\/media\/6975"}],"wp:attachment":[{"href":"https:\/\/prevconsulting.com\/site\/wp-json\/wp\/v2\/media?parent=6973"}],"wp:term":[{"taxonomy":"category","embeddable":true,"href":"https:\/\/prevconsulting.com\/site\/wp-json\/wp\/v2\/categories?post=6973"},{"taxonomy":"post_tag","embeddable":true,"href":"https:\/\/prevconsulting.com\/site\/wp-json\/wp\/v2\/tags?post=6973"}],"curies":[{"name":"wp","href":"https:\/\/api.w.org\/{rel}","templated":true}]}}