{"id":6962,"date":"2022-01-20T12:06:33","date_gmt":"2022-01-20T15:06:33","guid":{"rendered":"https:\/\/prevconsulting.com\/site\/?p=6962"},"modified":"2022-01-20T12:06:33","modified_gmt":"2022-01-20T15:06:33","slug":"os-impactos-na-economia-mundial-com-a-variante-omicron","status":"publish","type":"post","link":"https:\/\/prevconsulting.com\/site\/os-impactos-na-economia-mundial-com-a-variante-omicron\/","title":{"rendered":"Os impactos na economia mundial com a variante \u00d4micron"},"content":{"rendered":"<p><span style=\"font-weight: 400;\">No come\u00e7o de 2020, o mundo todo sofreu um impacto social e econ\u00f4mico acarretado por um v\u00edrus que se propaga facilmente. Por ser extremamente contagioso, a OMS fez uma s\u00e9rie de recomenda\u00e7\u00f5es, entre elas a principal era o isolamento social. Hoje, dois anos ap\u00f3s o in\u00edcio de tudo, nos deparamos com mais uma variante que pode trazer mais impactos e consequ\u00eancias para o mundo: a \u00d4micron.\u00a0<\/span><\/p>\n<p><span style=\"font-weight: 400;\">Esse processo de isolamento e, logo depois, distanciamento social veio com o objetivo de controlar o n\u00famero de pessoas contaminadas. Consequentemente, o n\u00famero de \u00f3bitos por todo o mundo tamb\u00e9m diminuiria. Por\u00e9m, essa medida, que durou pouco mais de um ano, afetou diretamente n\u00e3o s\u00f3 a vida da popula\u00e7\u00e3o comum, como tamb\u00e9m a economia. Com isso, v\u00e1rias empresas que foram tidas como n\u00e3o essenciais precisaram fechar suas sedes f\u00edsicas.<\/span><\/p>\n<p><span style=\"font-weight: 400;\">Com isso, o home office surgiu com o intuito de manter o ritmo dos neg\u00f3cios, al\u00e9m de fazer a economia girar e diminuir o n\u00famero de pessoas desempregadas. Funcionando fisicamente s\u00f3 as empresas da \u00e1rea de sa\u00fade, supermercados, farm\u00e1cias e etc, pois essa era a \u00fanica forma de diminuir o n\u00famero de indiv\u00edduos aglomerando nos centros e shoppings.<\/span><\/p>\n<h2><span style=\"font-weight: 400;\">Surgimento das variantes e o processo de vacina\u00e7\u00e3o<\/span><\/h2>\n<p>A vacina\u00e7\u00e3o em massa da popula\u00e7\u00e3o era a chave principal para que a rotina voltasse ao normal.\u00a0<span style=\"font-weight: 400;\"> Dessa maneira, seria poss\u00edvel diminuir o risco de morte e, por consequ\u00eancia, o n\u00famero de pessoas hospitalizadas, causando uma folga no sistema de sa\u00fade &#8211; tanto o p\u00fablico quanto o privado.<\/span><\/p>\n<p><span style=\"font-weight: 400;\">Com o aumento de pessoas completando o ciclo vacinal, as medidas de prote\u00e7\u00e3o para conter o avan\u00e7o do v\u00edrus estipuladas pela OMS e tamb\u00e9m pelos outros \u00f3rg\u00e3os de sa\u00fade foram sendo flexibilizadas, isto \u00e9, diminuindo a rigidez. Assim, os eventos, shows, bares e restaurantes passaram a funcionar com mais pessoas circulando.<\/span><\/p>\n<p><span style=\"font-weight: 400;\">Por conta da flexibiliza\u00e7\u00e3o e da sensa\u00e7\u00e3o de seguran\u00e7a, alguns indiv\u00edduos passaram a descuidar das medidas de prote\u00e7\u00e3o, como lavar as m\u00e3os e usar m\u00e1scaras. Com isso, novas variantes surgiram, entre elas a \u00d4micron. Mas, ser\u00e1 que ela provocar\u00e1 impacto econ\u00f4mico? Quais s\u00e3o os setores que ela ir\u00e1 afetar?\u00a0<\/span><\/p>\n<h2><span style=\"font-weight: 400;\">Impactos do coronav\u00edrus e suas variantes na economia mundial<\/span><\/h2>\n<p><span style=\"font-weight: 400;\">Sem d\u00favidas, o coronav\u00edrus trouxe v\u00e1rias consequ\u00eancias e provocou uma s\u00e9rie de impactos negativos em v\u00e1rios aspectos do mundo. A necessidade de manter o distanciamento e o isolamento social, somado ao medo da sociedade, acarretou uma crise econ\u00f4mica mundial. Afinal, muitos setores sofreram com as medidas e a obriga\u00e7\u00e3o de dar uma pausa nas tarefas que exigiam a presen\u00e7a f\u00edsica, como bares, restaurantes e shows de entretenimento.\u00a0<\/span><\/p>\n<p><span style=\"font-weight: 400;\">Com as novas variantes e os preju\u00edzos financeiros ocasionados pelo ano pand\u00eamico, o futuro econ\u00f4mico do mundo \u00e9 bastante incerto. Isso porque n\u00e3o existiu um tempo de recupera\u00e7\u00e3o dos danos que come\u00e7aram em 2020. Ou seja, a proje\u00e7\u00e3o dos especialistas \u00e9 de que o crescimento econ\u00f4mico n\u00e3o seja t\u00e3o elevado neste ano de 2022.<\/span><\/p>\n<h2><span style=\"font-weight: 400;\">Setores que podem continuar sendo afetados pela variante \u00d4micron<\/span><\/h2>\n<p><span style=\"font-weight: 400;\">Um dos setores que mais sofreu com as medidas restritivas foi o setor do entretenimento e tamb\u00e9m o turismo, como shows, viagens e hot\u00e9is. Isso porque grande parte desses setores ficaram suspensos ou com baixa ades\u00e3o por conta do \u00edndice de cont\u00e1gio pelo v\u00edrus.<\/span><\/p>\n<p><span style=\"font-weight: 400;\">Muitos voos cancelados, hospedagens perdidas e shows sem previs\u00e3o para acontecer\u2026 E tudo isso pode ser prolongado por conta da nova variante, a \u00d4micron. Acontece que por ter um cont\u00e1gio mais f\u00e1cil, os gestores desses setores no mundo todo temem a nova incerteza no ramo, pois as pessoas podem ter receio de voltar a viajar ou frequentar lugares como restaurantes e casas de shows, por exemplo. Al\u00e9m disso, muitas pessoas, principalmente fora do Brasil, n\u00e3o tomaram a vacina, o que tamb\u00e9m pode afetar a volta total desses ambientes em que a circula\u00e7\u00e3o de pessoas \u00e9 maior.<\/span><\/p>\n<p><span style=\"font-weight: 400;\">Dessa forma, aumenta-se o receio do poder de compra diminuir e o desemprego aumentar. Por\u00e9m, os especialistas veem o cen\u00e1rio como incerto e inst\u00e1vel, em que a probabilidade \u00e9 que o crescimento mundial decaia por conta dos fatores presentes.<\/span><\/p>\n","protected":false},"excerpt":{"rendered":"<p>No come\u00e7o de 2020, o mundo todo sofreu um impacto social e econ\u00f4mico acarretado por um v\u00edrus que se propaga facilmente. Por ser extremamente contagioso, a OMS fez uma s\u00e9rie de recomenda\u00e7\u00f5es, entre elas a principal era o isolamento social. Hoje, dois anos ap\u00f3s o in\u00edcio de tudo, nos deparamos com mais uma variante que [&hellip;]<\/p>\n","protected":false},"author":1,"featured_media":6967,"comment_status":"open","ping_status":"open","sticky":false,"template":"","format":"standard","meta":{"footnotes":""},"categories":[15,52],"tags":[70,197,215,213,216,217,189,218,214],"class_list":["post-6962","post","type-post","status-publish","format-standard","has-post-thumbnail","hentry","category-blog","category-novidades","tag-economia","tag-economia-mundial","tag-impactos","tag-omicron","tag-oms","tag-organizacao-mundial-da-saude","tag-pandemia","tag-vacina","tag-variante"],"yoast_head":"<!-- This site is optimized with the Yoast SEO plugin v26.0 - https:\/\/yoast.com\/wordpress\/plugins\/seo\/ -->\n<title>Os impactos na economia mundial com a variante \u00d4micron<\/title>\n<meta name=\"description\" content=\"Dois anos ap\u00f3s o in\u00edcio de tudo, nos deparamos com mais uma variante que pode trazer mais impactos e consequ\u00eancias para o mundo: a \u00d4micron.\u00a0\" \/>\n<meta name=\"robots\" content=\"index, follow, max-snippet:-1, max-image-preview:large, max-video-preview:-1\" \/>\n<link rel=\"canonical\" href=\"https:\/\/prevconsulting.com\/site\/os-impactos-na-economia-mundial-com-a-variante-omicron\/\" \/>\n<meta property=\"og:locale\" content=\"pt_BR\" \/>\n<meta property=\"og:type\" content=\"article\" \/>\n<meta property=\"og:title\" content=\"Os impactos na economia mundial com a variante \u00d4micron\" \/>\n<meta property=\"og:description\" content=\"Dois anos ap\u00f3s o in\u00edcio de tudo, nos deparamos com mais uma variante que pode trazer mais impactos e consequ\u00eancias para o mundo: a \u00d4micron.\u00a0\" \/>\n<meta property=\"og:url\" content=\"https:\/\/prevconsulting.com\/site\/os-impactos-na-economia-mundial-com-a-variante-omicron\/\" \/>\n<meta property=\"og:site_name\" content=\"PrevConsulting\" \/>\n<meta property=\"article:publisher\" content=\"https:\/\/www.facebook.com\/prevconsulting\" \/>\n<meta property=\"article:published_time\" content=\"2022-01-20T15:06:33+00:00\" \/>\n<meta property=\"og:image\" content=\"https:\/\/prevconsulting.com\/site\/wp-content\/uploads\/2022\/01\/Prev.png\" \/>\n\t<meta property=\"og:image:width\" content=\"1200\" \/>\n\t<meta property=\"og:image:height\" content=\"628\" \/>\n\t<meta property=\"og:image:type\" content=\"image\/png\" \/>\n<meta name=\"author\" content=\"propagatur\" \/>\n<meta name=\"twitter:card\" content=\"summary_large_image\" \/>\n<meta name=\"twitter:label1\" content=\"Escrito por\" \/>\n\t<meta name=\"twitter:data1\" content=\"propagatur\" \/>\n\t<meta name=\"twitter:label2\" content=\"Est. tempo de leitura\" \/>\n\t<meta name=\"twitter:data2\" content=\"3 minutos\" \/>\n<script type=\"application\/ld+json\" class=\"yoast-schema-graph\">{\"@context\":\"https:\/\/schema.org\",\"@graph\":[{\"@type\":\"Article\",\"@id\":\"https:\/\/prevconsulting.com\/site\/os-impactos-na-economia-mundial-com-a-variante-omicron\/#article\",\"isPartOf\":{\"@id\":\"https:\/\/prevconsulting.com\/site\/os-impactos-na-economia-mundial-com-a-variante-omicron\/\"},\"author\":{\"name\":\"propagatur\",\"@id\":\"https:\/\/prevconsulting.com\/site\/#\/schema\/person\/02655bfb85a1b4438a5e96ae641d1870\"},\"headline\":\"Os impactos na economia mundial com a variante \u00d4micron\",\"datePublished\":\"2022-01-20T15:06:33+00:00\",\"mainEntityOfPage\":{\"@id\":\"https:\/\/prevconsulting.com\/site\/os-impactos-na-economia-mundial-com-a-variante-omicron\/\"},\"wordCount\":752,\"commentCount\":0,\"publisher\":{\"@id\":\"https:\/\/prevconsulting.com\/site\/#organization\"},\"image\":{\"@id\":\"https:\/\/prevconsulting.com\/site\/os-impactos-na-economia-mundial-com-a-variante-omicron\/#primaryimage\"},\"thumbnailUrl\":\"https:\/\/prevconsulting.com\/site\/wp-content\/uploads\/2022\/01\/Prev.png\",\"keywords\":[\"economia\",\"Economia mundial\",\"impactos\",\"\u00d4micron\",\"OMS\",\"Organiza\u00e7\u00e3o Mundial da Sa\u00fade\",\"pandemia\",\"vacina\",\"variante\"],\"articleSection\":[\"Blog\",\"Novidades\"],\"inLanguage\":\"pt-BR\"},{\"@type\":\"WebPage\",\"@id\":\"https:\/\/prevconsulting.com\/site\/os-impactos-na-economia-mundial-com-a-variante-omicron\/\",\"url\":\"https:\/\/prevconsulting.com\/site\/os-impactos-na-economia-mundial-com-a-variante-omicron\/\",\"name\":\"Os impactos na economia mundial com a variante \u00d4micron\",\"isPartOf\":{\"@id\":\"https:\/\/prevconsulting.com\/site\/#website\"},\"primaryImageOfPage\":{\"@id\":\"https:\/\/prevconsulting.com\/site\/os-impactos-na-economia-mundial-com-a-variante-omicron\/#primaryimage\"},\"image\":{\"@id\":\"https:\/\/prevconsulting.com\/site\/os-impactos-na-economia-mundial-com-a-variante-omicron\/#primaryimage\"},\"thumbnailUrl\":\"https:\/\/prevconsulting.com\/site\/wp-content\/uploads\/2022\/01\/Prev.png\",\"datePublished\":\"2022-01-20T15:06:33+00:00\",\"description\":\"Dois anos ap\u00f3s o in\u00edcio de tudo, nos deparamos com mais uma variante que pode trazer mais impactos e consequ\u00eancias para o mundo: a \u00d4micron.\u00a0\",\"breadcrumb\":{\"@id\":\"https:\/\/prevconsulting.com\/site\/os-impactos-na-economia-mundial-com-a-variante-omicron\/#breadcrumb\"},\"inLanguage\":\"pt-BR\",\"potentialAction\":[{\"@type\":\"ReadAction\",\"target\":[\"https:\/\/prevconsulting.com\/site\/os-impactos-na-economia-mundial-com-a-variante-omicron\/\"]}]},{\"@type\":\"ImageObject\",\"inLanguage\":\"pt-BR\",\"@id\":\"https:\/\/prevconsulting.com\/site\/os-impactos-na-economia-mundial-com-a-variante-omicron\/#primaryimage\",\"url\":\"https:\/\/prevconsulting.com\/site\/wp-content\/uploads\/2022\/01\/Prev.png\",\"contentUrl\":\"https:\/\/prevconsulting.com\/site\/wp-content\/uploads\/2022\/01\/Prev.png\",\"width\":1200,\"height\":628},{\"@type\":\"BreadcrumbList\",\"@id\":\"https:\/\/prevconsulting.com\/site\/os-impactos-na-economia-mundial-com-a-variante-omicron\/#breadcrumb\",\"itemListElement\":[{\"@type\":\"ListItem\",\"position\":1,\"name\":\"In\u00edcio\",\"item\":\"https:\/\/prevconsulting.com\/site\/\"},{\"@type\":\"ListItem\",\"position\":2,\"name\":\"Os impactos na economia mundial com a variante \u00d4micron\"}]},{\"@type\":\"WebSite\",\"@id\":\"https:\/\/prevconsulting.com\/site\/#website\",\"url\":\"https:\/\/prevconsulting.com\/site\/\",\"name\":\"PrevConsulting\",\"description\":\"Consultoria Patrimonial\",\"publisher\":{\"@id\":\"https:\/\/prevconsulting.com\/site\/#organization\"},\"potentialAction\":[{\"@type\":\"SearchAction\",\"target\":{\"@type\":\"EntryPoint\",\"urlTemplate\":\"https:\/\/prevconsulting.com\/site\/?s={search_term_string}\"},\"query-input\":{\"@type\":\"PropertyValueSpecification\",\"valueRequired\":true,\"valueName\":\"search_term_string\"}}],\"inLanguage\":\"pt-BR\"},{\"@type\":\"Organization\",\"@id\":\"https:\/\/prevconsulting.com\/site\/#organization\",\"name\":\"PrevConsulting\",\"url\":\"https:\/\/prevconsulting.com\/site\/\",\"logo\":{\"@type\":\"ImageObject\",\"inLanguage\":\"pt-BR\",\"@id\":\"https:\/\/prevconsulting.com\/site\/#\/schema\/logo\/image\/\",\"url\":\"https:\/\/prevconsulting.com\/site\/wp-content\/uploads\/2024\/07\/favicon-prev.png\",\"contentUrl\":\"https:\/\/prevconsulting.com\/site\/wp-content\/uploads\/2024\/07\/favicon-prev.png\",\"width\":600,\"height\":600,\"caption\":\"PrevConsulting\"},\"image\":{\"@id\":\"https:\/\/prevconsulting.com\/site\/#\/schema\/logo\/image\/\"},\"sameAs\":[\"https:\/\/www.facebook.com\/prevconsulting\",\"https:\/\/www.instagram.com\/prevconsulting\/\",\"https:\/\/www.linkedin.com\/company\/prevconsulting\/\"]},{\"@type\":\"Person\",\"@id\":\"https:\/\/prevconsulting.com\/site\/#\/schema\/person\/02655bfb85a1b4438a5e96ae641d1870\",\"name\":\"propagatur\",\"image\":{\"@type\":\"ImageObject\",\"inLanguage\":\"pt-BR\",\"@id\":\"https:\/\/prevconsulting.com\/site\/#\/schema\/person\/image\/\",\"url\":\"https:\/\/secure.gravatar.com\/avatar\/341cd389e8cc99f685a9a5e2933011b39067d7eac043a5dd0117b04a05420808?s=96&d=mm&r=g\",\"contentUrl\":\"https:\/\/secure.gravatar.com\/avatar\/341cd389e8cc99f685a9a5e2933011b39067d7eac043a5dd0117b04a05420808?s=96&d=mm&r=g\",\"caption\":\"propagatur\"}}]}<\/script>\n<!-- \/ Yoast SEO plugin. -->","yoast_head_json":{"title":"Os impactos na economia mundial com a variante \u00d4micron","description":"Dois anos ap\u00f3s o in\u00edcio de tudo, nos deparamos com mais uma variante que pode trazer mais impactos e consequ\u00eancias para o mundo: a \u00d4micron.\u00a0","robots":{"index":"index","follow":"follow","max-snippet":"max-snippet:-1","max-image-preview":"max-image-preview:large","max-video-preview":"max-video-preview:-1"},"canonical":"https:\/\/prevconsulting.com\/site\/os-impactos-na-economia-mundial-com-a-variante-omicron\/","og_locale":"pt_BR","og_type":"article","og_title":"Os impactos na economia mundial com a variante \u00d4micron","og_description":"Dois anos ap\u00f3s o in\u00edcio de tudo, nos deparamos com mais uma variante que pode trazer mais impactos e consequ\u00eancias para o mundo: a \u00d4micron.\u00a0","og_url":"https:\/\/prevconsulting.com\/site\/os-impactos-na-economia-mundial-com-a-variante-omicron\/","og_site_name":"PrevConsulting","article_publisher":"https:\/\/www.facebook.com\/prevconsulting","article_published_time":"2022-01-20T15:06:33+00:00","og_image":[{"width":1200,"height":628,"url":"https:\/\/prevconsulting.com\/site\/wp-content\/uploads\/2022\/01\/Prev.png","type":"image\/png"}],"author":"propagatur","twitter_card":"summary_large_image","twitter_misc":{"Escrito por":"propagatur","Est. tempo de leitura":"3 minutos"},"schema":{"@context":"https:\/\/schema.org","@graph":[{"@type":"Article","@id":"https:\/\/prevconsulting.com\/site\/os-impactos-na-economia-mundial-com-a-variante-omicron\/#article","isPartOf":{"@id":"https:\/\/prevconsulting.com\/site\/os-impactos-na-economia-mundial-com-a-variante-omicron\/"},"author":{"name":"propagatur","@id":"https:\/\/prevconsulting.com\/site\/#\/schema\/person\/02655bfb85a1b4438a5e96ae641d1870"},"headline":"Os impactos na economia mundial com a variante \u00d4micron","datePublished":"2022-01-20T15:06:33+00:00","mainEntityOfPage":{"@id":"https:\/\/prevconsulting.com\/site\/os-impactos-na-economia-mundial-com-a-variante-omicron\/"},"wordCount":752,"commentCount":0,"publisher":{"@id":"https:\/\/prevconsulting.com\/site\/#organization"},"image":{"@id":"https:\/\/prevconsulting.com\/site\/os-impactos-na-economia-mundial-com-a-variante-omicron\/#primaryimage"},"thumbnailUrl":"https:\/\/prevconsulting.com\/site\/wp-content\/uploads\/2022\/01\/Prev.png","keywords":["economia","Economia mundial","impactos","\u00d4micron","OMS","Organiza\u00e7\u00e3o Mundial da Sa\u00fade","pandemia","vacina","variante"],"articleSection":["Blog","Novidades"],"inLanguage":"pt-BR"},{"@type":"WebPage","@id":"https:\/\/prevconsulting.com\/site\/os-impactos-na-economia-mundial-com-a-variante-omicron\/","url":"https:\/\/prevconsulting.com\/site\/os-impactos-na-economia-mundial-com-a-variante-omicron\/","name":"Os impactos na economia mundial com a variante \u00d4micron","isPartOf":{"@id":"https:\/\/prevconsulting.com\/site\/#website"},"primaryImageOfPage":{"@id":"https:\/\/prevconsulting.com\/site\/os-impactos-na-economia-mundial-com-a-variante-omicron\/#primaryimage"},"image":{"@id":"https:\/\/prevconsulting.com\/site\/os-impactos-na-economia-mundial-com-a-variante-omicron\/#primaryimage"},"thumbnailUrl":"https:\/\/prevconsulting.com\/site\/wp-content\/uploads\/2022\/01\/Prev.png","datePublished":"2022-01-20T15:06:33+00:00","description":"Dois anos ap\u00f3s o in\u00edcio de tudo, nos deparamos com mais uma variante que pode trazer mais impactos e consequ\u00eancias para o mundo: a \u00d4micron.\u00a0","breadcrumb":{"@id":"https:\/\/prevconsulting.com\/site\/os-impactos-na-economia-mundial-com-a-variante-omicron\/#breadcrumb"},"inLanguage":"pt-BR","potentialAction":[{"@type":"ReadAction","target":["https:\/\/prevconsulting.com\/site\/os-impactos-na-economia-mundial-com-a-variante-omicron\/"]}]},{"@type":"ImageObject","inLanguage":"pt-BR","@id":"https:\/\/prevconsulting.com\/site\/os-impactos-na-economia-mundial-com-a-variante-omicron\/#primaryimage","url":"https:\/\/prevconsulting.com\/site\/wp-content\/uploads\/2022\/01\/Prev.png","contentUrl":"https:\/\/prevconsulting.com\/site\/wp-content\/uploads\/2022\/01\/Prev.png","width":1200,"height":628},{"@type":"BreadcrumbList","@id":"https:\/\/prevconsulting.com\/site\/os-impactos-na-economia-mundial-com-a-variante-omicron\/#breadcrumb","itemListElement":[{"@type":"ListItem","position":1,"name":"In\u00edcio","item":"https:\/\/prevconsulting.com\/site\/"},{"@type":"ListItem","position":2,"name":"Os impactos na economia mundial com a variante \u00d4micron"}]},{"@type":"WebSite","@id":"https:\/\/prevconsulting.com\/site\/#website","url":"https:\/\/prevconsulting.com\/site\/","name":"PrevConsulting","description":"Consultoria Patrimonial","publisher":{"@id":"https:\/\/prevconsulting.com\/site\/#organization"},"potentialAction":[{"@type":"SearchAction","target":{"@type":"EntryPoint","urlTemplate":"https:\/\/prevconsulting.com\/site\/?s={search_term_string}"},"query-input":{"@type":"PropertyValueSpecification","valueRequired":true,"valueName":"search_term_string"}}],"inLanguage":"pt-BR"},{"@type":"Organization","@id":"https:\/\/prevconsulting.com\/site\/#organization","name":"PrevConsulting","url":"https:\/\/prevconsulting.com\/site\/","logo":{"@type":"ImageObject","inLanguage":"pt-BR","@id":"https:\/\/prevconsulting.com\/site\/#\/schema\/logo\/image\/","url":"https:\/\/prevconsulting.com\/site\/wp-content\/uploads\/2024\/07\/favicon-prev.png","contentUrl":"https:\/\/prevconsulting.com\/site\/wp-content\/uploads\/2024\/07\/favicon-prev.png","width":600,"height":600,"caption":"PrevConsulting"},"image":{"@id":"https:\/\/prevconsulting.com\/site\/#\/schema\/logo\/image\/"},"sameAs":["https:\/\/www.facebook.com\/prevconsulting","https:\/\/www.instagram.com\/prevconsulting\/","https:\/\/www.linkedin.com\/company\/prevconsulting\/"]},{"@type":"Person","@id":"https:\/\/prevconsulting.com\/site\/#\/schema\/person\/02655bfb85a1b4438a5e96ae641d1870","name":"propagatur","image":{"@type":"ImageObject","inLanguage":"pt-BR","@id":"https:\/\/prevconsulting.com\/site\/#\/schema\/person\/image\/","url":"https:\/\/secure.gravatar.com\/avatar\/341cd389e8cc99f685a9a5e2933011b39067d7eac043a5dd0117b04a05420808?s=96&d=mm&r=g","contentUrl":"https:\/\/secure.gravatar.com\/avatar\/341cd389e8cc99f685a9a5e2933011b39067d7eac043a5dd0117b04a05420808?s=96&d=mm&r=g","caption":"propagatur"}}]}},"_links":{"self":[{"href":"https:\/\/prevconsulting.com\/site\/wp-json\/wp\/v2\/posts\/6962","targetHints":{"allow":["GET"]}}],"collection":[{"href":"https:\/\/prevconsulting.com\/site\/wp-json\/wp\/v2\/posts"}],"about":[{"href":"https:\/\/prevconsulting.com\/site\/wp-json\/wp\/v2\/types\/post"}],"author":[{"embeddable":true,"href":"https:\/\/prevconsulting.com\/site\/wp-json\/wp\/v2\/users\/1"}],"replies":[{"embeddable":true,"href":"https:\/\/prevconsulting.com\/site\/wp-json\/wp\/v2\/comments?post=6962"}],"version-history":[{"count":5,"href":"https:\/\/prevconsulting.com\/site\/wp-json\/wp\/v2\/posts\/6962\/revisions"}],"predecessor-version":[{"id":6971,"href":"https:\/\/prevconsulting.com\/site\/wp-json\/wp\/v2\/posts\/6962\/revisions\/6971"}],"wp:featuredmedia":[{"embeddable":true,"href":"https:\/\/prevconsulting.com\/site\/wp-json\/wp\/v2\/media\/6967"}],"wp:attachment":[{"href":"https:\/\/prevconsulting.com\/site\/wp-json\/wp\/v2\/media?parent=6962"}],"wp:term":[{"taxonomy":"category","embeddable":true,"href":"https:\/\/prevconsulting.com\/site\/wp-json\/wp\/v2\/categories?post=6962"},{"taxonomy":"post_tag","embeddable":true,"href":"https:\/\/prevconsulting.com\/site\/wp-json\/wp\/v2\/tags?post=6962"}],"curies":[{"name":"wp","href":"https:\/\/api.w.org\/{rel}","templated":true}]}}