{"id":6924,"date":"2021-10-08T11:32:32","date_gmt":"2021-10-08T14:32:32","guid":{"rendered":"https:\/\/prevconsulting.com\/site\/?p=6924"},"modified":"2021-10-08T11:32:32","modified_gmt":"2021-10-08T14:32:32","slug":"como-ficara-o-cenario-economico-no-brasil-e-no-mundo-pos-covid-19","status":"publish","type":"post","link":"https:\/\/prevconsulting.com\/site\/como-ficara-o-cenario-economico-no-brasil-e-no-mundo-pos-covid-19\/","title":{"rendered":"Como ficar\u00e1 o cen\u00e1rio econ\u00f4mico no Brasil e no mundo p\u00f3s-Covid-19"},"content":{"rendered":"<p><span style=\"font-weight: 400;\">Desde que a Organiza\u00e7\u00e3o Mundial da Sa\u00fade (OMS) declarou a pandemia de covid-19, o mundo inteiro entrou em uma crise econ\u00f4mica. \u00c9 fato que a crise afetou mais alguns pa\u00edses do que outros. Mas a verdade \u00e9 que at\u00e9 os pa\u00edses mais bem sucedidos sofreram com as consequ\u00eancias da pandemia.\u00a0<\/span><span style=\"font-weight: 400;\">Diante deste cen\u00e1rio, muitos especialistas se preocupam com o futuro do Brasil e do mundo p\u00f3s-covid-19. Isso porque as consequ\u00eancias deste momento pand\u00eamico podem ser piores ainda quando ele passar.<\/span><\/p>\n<p><span style=\"font-weight: 400;\">A seguir iremos apresentar o que os especialistas dizem a respeito deste futuro pr\u00f3ximo. Continue a leitura e saiba mais!<\/span><\/p>\n<h2><span style=\"font-weight: 400;\">Reinven\u00e7\u00e3o das formas de trabalho<\/span><\/h2>\n<p><span style=\"font-weight: 400;\">Dentro de um contexto de crise econ\u00f4mica, algumas pessoas conseguem se reinventar e us\u00e1-la a seu favor. Muitos empres\u00e1rios t\u00eam esta vis\u00e3o mais inovadora quando se deparam com as adversidades do mercado. Por isso, apesar da crise, sempre h\u00e1 pessoas que v\u00e3o conseguir lidar melhor com as dificuldades.<\/span><\/p>\n<p><span style=\"font-weight: 400;\">Observar as crises anteriores \u00e9 um primeiro passo para corrigir erros cometidos e construir uma nova forma de superar situa\u00e7\u00f5es adversas. Mas a crise causada pelo coronav\u00edrus nos mostrou que muita coisa precisava mudar. O processo de digitaliza\u00e7\u00e3o, por exemplo, foi acelerado, e as empresas foram obrigadas a mergulhar completamente no mundo das redes sociais e dos diversos outros recursos proporcionados pela internet.<\/span><\/p>\n<p><span style=\"font-weight: 400;\">Al\u00e9m disso, cidades superlotadas e as desigualdades j\u00e1 existentes s\u00e3o problemas que podem se tornar ainda maiores.<\/span><\/p>\n<h2><span style=\"font-weight: 400;\">Perspectivas para a economia p\u00f3s-covid<\/span><\/h2>\n<p><span style=\"font-weight: 400;\">Uma das consequ\u00eancias da pandemia da covid-19 foi a necessidade de pensar em formas de motivar os clientes. N\u00e3o adianta mais pensar apenas em lucratividade e ignorar a forma como estas pessoas se sentem em rela\u00e7\u00e3o a sua marca. Por isso, voc\u00ea deve pensar no que fazer para mant\u00ea-los motivados com o seu produto\/servi\u00e7o.<\/span><\/p>\n<p><span style=\"font-weight: 400;\">Outro aspecto que mudou e vai continuar mudando ap\u00f3s o fim da pandemia s\u00e3o as formas de pagamento. O medo da contamina\u00e7\u00e3o fez com que outros meios fossem escolhidos para a realiza\u00e7\u00e3o de pagamentos, evitando o manuseio de c\u00e9dulas. O pix, por exemplo, \u00e9 um recurso que facilitou este processo e parece que veio para ficar. At\u00e9 agosto de 2021 a ferramenta movimentou R$ 1,3 trilh\u00e3o.<\/span><\/p>\n<h2><span style=\"font-weight: 400;\">Novas formas de consumo<\/span><\/h2>\n<p><span style=\"font-weight: 400;\">O autoatendimento tamb\u00e9m foi algo que acabou sendo ampliado, j\u00e1 que a orienta\u00e7\u00e3o era evitar contato direto com outras pessoas. Devido a sua facilidade, a tend\u00eancia \u00e9 que continue.<\/span><\/p>\n<p><span style=\"font-weight: 400;\">Mas isso s\u00f3 \u00e9 poss\u00edvel porque o consumo est\u00e1 cada dia mais sendo intermediado pela tecnologia. A previs\u00e3o para o p\u00f3s-pandemia \u00e9 o avan\u00e7o deste cen\u00e1rio. Um exemplo disso \u00e9 a inten\u00e7\u00e3o da Amazon de fazer entregas atrav\u00e9s de<\/span><a href=\"https:\/\/g1.globo.com\/economia\/tecnologia\/noticia\/2020\/08\/31\/amazon-e-autorizada-a-testar-entregas-por-drones-nos-eua.ghtml\"> <span style=\"font-weight: 400;\">drones<\/span><\/a><span style=\"font-weight: 400;\">. Pagamentos por aproxima\u00e7\u00e3o e um contato maior com a realidade virtual tamb\u00e9m s\u00e3o tecnologias que prometem estar cada vez mais presentes.<\/span><\/p>\n<p><span style=\"font-weight: 400;\">Outras \u00e1reas que cresceram no modo remoto foi a educa\u00e7\u00e3o, que j\u00e1 havia experimentado o m\u00e9todo, al\u00e9m da \u00e1rea da sa\u00fade e do universo do trabalho. A \u00e1rea da sa\u00fade, por exemplo, testou o tele atendimento e percebeu que algumas consultas podem ser realizadas desta forma. Diversas classes de trabalhadores tamb\u00e9m foram obrigadas a desempenhar suas fun\u00e7\u00f5es de casa. Por isso, no p\u00f3s-pandemia podemos esperar que isso tudo continue avan\u00e7ando.<\/span><\/p>\n<h2><span style=\"font-weight: 400;\">Poss\u00edveis cen\u00e1rios<\/span><\/h2>\n<p><span style=\"font-weight: 400;\">A previs\u00e3o \u00e9 de que o cen\u00e1rio da economia s\u00f3 consiga se recuperar dois anos ap\u00f3s o fim da pandemia. Outros especialistas acreditam que em apenas um ano o preju\u00edzo ser\u00e1 recuperado. Acredita-se tamb\u00e9m que o Produto Interno Bruto (PIB) sofrer\u00e1 uma queda ainda maior.<\/span><\/p>\n<p><span style=\"font-weight: 400;\">J\u00e1 o Banco Mundial prev\u00ea uma queda de at\u00e9 8% no PIB do<\/span><a href=\"https:\/\/prevconsulting.com\/site\/entenda-as-principais-causas-da-instabilidade-financeira-do-brasil\/\"> <span style=\"font-weight: 400;\">Brasil<\/span><\/a><span style=\"font-weight: 400;\">, enquanto a <\/span><span style=\"font-weight: 400;\">Organiza\u00e7\u00e3o para a Coopera\u00e7\u00e3o e Desenvolvimento Econ\u00f4mico (OCDE) considera uma queda de at\u00e9 9,1%.<\/span><\/p>\n<p><span style=\"font-weight: 400;\">A PrevConsulting faz quest\u00e3o de trazer as novidades mais interessantes sobre o cen\u00e1rio de investimentos que movimenta todo nosso pa\u00eds e o mundo. Continue navegando pelo nosso site e saiba mais!<\/span><\/p>\n","protected":false},"excerpt":{"rendered":"<p>Desde que a Organiza\u00e7\u00e3o Mundial da Sa\u00fade (OMS) declarou a pandemia de covid-19, o mundo inteiro entrou em uma crise econ\u00f4mica. \u00c9 fato que a crise afetou mais alguns pa\u00edses do que outros. Mas a verdade \u00e9 que at\u00e9 os pa\u00edses mais bem sucedidos sofreram com as consequ\u00eancias da pandemia.\u00a0Diante deste cen\u00e1rio, muitos especialistas se [&hellip;]<\/p>\n","protected":false},"author":1,"featured_media":6928,"comment_status":"open","ping_status":"open","sticky":false,"template":"","format":"standard","meta":{"footnotes":""},"categories":[15,24],"tags":[159,175,70,197,138,33,143,205,48],"class_list":["post-6924","post","type-post","status-publish","format-standard","has-post-thumbnail","hentry","category-blog","category-investimentos","tag-cenario-economico","tag-covid-19","tag-economia","tag-economia-mundial","tag-empresas","tag-investimentos","tag-negocios","tag-pos-pandemia","tag-prevconsulting"],"yoast_head":"<!-- This site is optimized with the Yoast SEO plugin v26.0 - https:\/\/yoast.com\/wordpress\/plugins\/seo\/ -->\n<title>Como ficar\u00e1 o cen\u00e1rio econ\u00f4mico no Brasil e no mundo p\u00f3s-Covid-19<\/title>\n<meta name=\"description\" content=\"Muitos especialistas se preocupam com o futuro do Brasil e do mundo p\u00f3s-covid-19. Confira o que eles dizem a respeito deste cen\u00e1rio pr\u00f3ximo.\" \/>\n<meta name=\"robots\" content=\"index, follow, max-snippet:-1, max-image-preview:large, max-video-preview:-1\" \/>\n<link rel=\"canonical\" href=\"https:\/\/prevconsulting.com\/site\/como-ficara-o-cenario-economico-no-brasil-e-no-mundo-pos-covid-19\/\" \/>\n<meta property=\"og:locale\" content=\"pt_BR\" \/>\n<meta property=\"og:type\" content=\"article\" \/>\n<meta property=\"og:title\" content=\"Como ficar\u00e1 o cen\u00e1rio econ\u00f4mico no Brasil e no mundo p\u00f3s-Covid-19\" \/>\n<meta property=\"og:description\" content=\"Muitos especialistas se preocupam com o futuro do Brasil e do mundo p\u00f3s-covid-19. Confira o que eles dizem a respeito deste cen\u00e1rio pr\u00f3ximo.\" \/>\n<meta property=\"og:url\" content=\"https:\/\/prevconsulting.com\/site\/como-ficara-o-cenario-economico-no-brasil-e-no-mundo-pos-covid-19\/\" \/>\n<meta property=\"og:site_name\" content=\"PrevConsulting\" \/>\n<meta property=\"article:publisher\" content=\"https:\/\/www.facebook.com\/prevconsulting\" \/>\n<meta property=\"article:published_time\" content=\"2021-10-08T14:32:32+00:00\" \/>\n<meta property=\"og:image\" content=\"https:\/\/prevconsulting.com\/site\/wp-content\/uploads\/2021\/10\/Blog-Prev.png\" \/>\n\t<meta property=\"og:image:width\" content=\"1024\" \/>\n\t<meta property=\"og:image:height\" content=\"536\" \/>\n\t<meta property=\"og:image:type\" content=\"image\/png\" \/>\n<meta name=\"author\" content=\"propagatur\" \/>\n<meta name=\"twitter:card\" content=\"summary_large_image\" \/>\n<meta name=\"twitter:label1\" content=\"Escrito por\" \/>\n\t<meta name=\"twitter:data1\" content=\"propagatur\" \/>\n\t<meta name=\"twitter:label2\" content=\"Est. tempo de leitura\" \/>\n\t<meta name=\"twitter:data2\" content=\"3 minutos\" \/>\n<script type=\"application\/ld+json\" class=\"yoast-schema-graph\">{\"@context\":\"https:\/\/schema.org\",\"@graph\":[{\"@type\":\"Article\",\"@id\":\"https:\/\/prevconsulting.com\/site\/como-ficara-o-cenario-economico-no-brasil-e-no-mundo-pos-covid-19\/#article\",\"isPartOf\":{\"@id\":\"https:\/\/prevconsulting.com\/site\/como-ficara-o-cenario-economico-no-brasil-e-no-mundo-pos-covid-19\/\"},\"author\":{\"name\":\"propagatur\",\"@id\":\"https:\/\/prevconsulting.com\/site\/#\/schema\/person\/02655bfb85a1b4438a5e96ae641d1870\"},\"headline\":\"Como ficar\u00e1 o cen\u00e1rio econ\u00f4mico no Brasil e no mundo p\u00f3s-Covid-19\",\"datePublished\":\"2021-10-08T14:32:32+00:00\",\"mainEntityOfPage\":{\"@id\":\"https:\/\/prevconsulting.com\/site\/como-ficara-o-cenario-economico-no-brasil-e-no-mundo-pos-covid-19\/\"},\"wordCount\":702,\"commentCount\":0,\"publisher\":{\"@id\":\"https:\/\/prevconsulting.com\/site\/#organization\"},\"image\":{\"@id\":\"https:\/\/prevconsulting.com\/site\/como-ficara-o-cenario-economico-no-brasil-e-no-mundo-pos-covid-19\/#primaryimage\"},\"thumbnailUrl\":\"https:\/\/prevconsulting.com\/site\/wp-content\/uploads\/2021\/10\/Blog-Prev.png\",\"keywords\":[\"cen\u00e1rio econ\u00f4mico\",\"COVID-19\",\"economia\",\"Economia mundial\",\"empresas\",\"investimentos\",\"neg\u00f3cios\",\"p\u00f3s-pandemia\",\"PrevConsulting\"],\"articleSection\":[\"Blog\",\"Investimentos\"],\"inLanguage\":\"pt-BR\"},{\"@type\":\"WebPage\",\"@id\":\"https:\/\/prevconsulting.com\/site\/como-ficara-o-cenario-economico-no-brasil-e-no-mundo-pos-covid-19\/\",\"url\":\"https:\/\/prevconsulting.com\/site\/como-ficara-o-cenario-economico-no-brasil-e-no-mundo-pos-covid-19\/\",\"name\":\"Como ficar\u00e1 o cen\u00e1rio econ\u00f4mico no Brasil e no mundo p\u00f3s-Covid-19\",\"isPartOf\":{\"@id\":\"https:\/\/prevconsulting.com\/site\/#website\"},\"primaryImageOfPage\":{\"@id\":\"https:\/\/prevconsulting.com\/site\/como-ficara-o-cenario-economico-no-brasil-e-no-mundo-pos-covid-19\/#primaryimage\"},\"image\":{\"@id\":\"https:\/\/prevconsulting.com\/site\/como-ficara-o-cenario-economico-no-brasil-e-no-mundo-pos-covid-19\/#primaryimage\"},\"thumbnailUrl\":\"https:\/\/prevconsulting.com\/site\/wp-content\/uploads\/2021\/10\/Blog-Prev.png\",\"datePublished\":\"2021-10-08T14:32:32+00:00\",\"description\":\"Muitos especialistas se preocupam com o futuro do Brasil e do mundo p\u00f3s-covid-19. Confira o que eles dizem a respeito deste cen\u00e1rio pr\u00f3ximo.\",\"breadcrumb\":{\"@id\":\"https:\/\/prevconsulting.com\/site\/como-ficara-o-cenario-economico-no-brasil-e-no-mundo-pos-covid-19\/#breadcrumb\"},\"inLanguage\":\"pt-BR\",\"potentialAction\":[{\"@type\":\"ReadAction\",\"target\":[\"https:\/\/prevconsulting.com\/site\/como-ficara-o-cenario-economico-no-brasil-e-no-mundo-pos-covid-19\/\"]}]},{\"@type\":\"ImageObject\",\"inLanguage\":\"pt-BR\",\"@id\":\"https:\/\/prevconsulting.com\/site\/como-ficara-o-cenario-economico-no-brasil-e-no-mundo-pos-covid-19\/#primaryimage\",\"url\":\"https:\/\/prevconsulting.com\/site\/wp-content\/uploads\/2021\/10\/Blog-Prev.png\",\"contentUrl\":\"https:\/\/prevconsulting.com\/site\/wp-content\/uploads\/2021\/10\/Blog-Prev.png\",\"width\":1024,\"height\":536},{\"@type\":\"BreadcrumbList\",\"@id\":\"https:\/\/prevconsulting.com\/site\/como-ficara-o-cenario-economico-no-brasil-e-no-mundo-pos-covid-19\/#breadcrumb\",\"itemListElement\":[{\"@type\":\"ListItem\",\"position\":1,\"name\":\"In\u00edcio\",\"item\":\"https:\/\/prevconsulting.com\/site\/\"},{\"@type\":\"ListItem\",\"position\":2,\"name\":\"Como ficar\u00e1 o cen\u00e1rio econ\u00f4mico no Brasil e no mundo p\u00f3s-Covid-19\"}]},{\"@type\":\"WebSite\",\"@id\":\"https:\/\/prevconsulting.com\/site\/#website\",\"url\":\"https:\/\/prevconsulting.com\/site\/\",\"name\":\"PrevConsulting\",\"description\":\"Consultoria Patrimonial\",\"publisher\":{\"@id\":\"https:\/\/prevconsulting.com\/site\/#organization\"},\"potentialAction\":[{\"@type\":\"SearchAction\",\"target\":{\"@type\":\"EntryPoint\",\"urlTemplate\":\"https:\/\/prevconsulting.com\/site\/?s={search_term_string}\"},\"query-input\":{\"@type\":\"PropertyValueSpecification\",\"valueRequired\":true,\"valueName\":\"search_term_string\"}}],\"inLanguage\":\"pt-BR\"},{\"@type\":\"Organization\",\"@id\":\"https:\/\/prevconsulting.com\/site\/#organization\",\"name\":\"PrevConsulting\",\"url\":\"https:\/\/prevconsulting.com\/site\/\",\"logo\":{\"@type\":\"ImageObject\",\"inLanguage\":\"pt-BR\",\"@id\":\"https:\/\/prevconsulting.com\/site\/#\/schema\/logo\/image\/\",\"url\":\"https:\/\/prevconsulting.com\/site\/wp-content\/uploads\/2024\/07\/favicon-prev.png\",\"contentUrl\":\"https:\/\/prevconsulting.com\/site\/wp-content\/uploads\/2024\/07\/favicon-prev.png\",\"width\":600,\"height\":600,\"caption\":\"PrevConsulting\"},\"image\":{\"@id\":\"https:\/\/prevconsulting.com\/site\/#\/schema\/logo\/image\/\"},\"sameAs\":[\"https:\/\/www.facebook.com\/prevconsulting\",\"https:\/\/www.instagram.com\/prevconsulting\/\",\"https:\/\/www.linkedin.com\/company\/prevconsulting\/\"]},{\"@type\":\"Person\",\"@id\":\"https:\/\/prevconsulting.com\/site\/#\/schema\/person\/02655bfb85a1b4438a5e96ae641d1870\",\"name\":\"propagatur\",\"image\":{\"@type\":\"ImageObject\",\"inLanguage\":\"pt-BR\",\"@id\":\"https:\/\/prevconsulting.com\/site\/#\/schema\/person\/image\/\",\"url\":\"https:\/\/secure.gravatar.com\/avatar\/341cd389e8cc99f685a9a5e2933011b39067d7eac043a5dd0117b04a05420808?s=96&d=mm&r=g\",\"contentUrl\":\"https:\/\/secure.gravatar.com\/avatar\/341cd389e8cc99f685a9a5e2933011b39067d7eac043a5dd0117b04a05420808?s=96&d=mm&r=g\",\"caption\":\"propagatur\"}}]}<\/script>\n<!-- \/ Yoast SEO plugin. -->","yoast_head_json":{"title":"Como ficar\u00e1 o cen\u00e1rio econ\u00f4mico no Brasil e no mundo p\u00f3s-Covid-19","description":"Muitos especialistas se preocupam com o futuro do Brasil e do mundo p\u00f3s-covid-19. Confira o que eles dizem a respeito deste cen\u00e1rio pr\u00f3ximo.","robots":{"index":"index","follow":"follow","max-snippet":"max-snippet:-1","max-image-preview":"max-image-preview:large","max-video-preview":"max-video-preview:-1"},"canonical":"https:\/\/prevconsulting.com\/site\/como-ficara-o-cenario-economico-no-brasil-e-no-mundo-pos-covid-19\/","og_locale":"pt_BR","og_type":"article","og_title":"Como ficar\u00e1 o cen\u00e1rio econ\u00f4mico no Brasil e no mundo p\u00f3s-Covid-19","og_description":"Muitos especialistas se preocupam com o futuro do Brasil e do mundo p\u00f3s-covid-19. Confira o que eles dizem a respeito deste cen\u00e1rio pr\u00f3ximo.","og_url":"https:\/\/prevconsulting.com\/site\/como-ficara-o-cenario-economico-no-brasil-e-no-mundo-pos-covid-19\/","og_site_name":"PrevConsulting","article_publisher":"https:\/\/www.facebook.com\/prevconsulting","article_published_time":"2021-10-08T14:32:32+00:00","og_image":[{"width":1024,"height":536,"url":"https:\/\/prevconsulting.com\/site\/wp-content\/uploads\/2021\/10\/Blog-Prev.png","type":"image\/png"}],"author":"propagatur","twitter_card":"summary_large_image","twitter_misc":{"Escrito por":"propagatur","Est. tempo de leitura":"3 minutos"},"schema":{"@context":"https:\/\/schema.org","@graph":[{"@type":"Article","@id":"https:\/\/prevconsulting.com\/site\/como-ficara-o-cenario-economico-no-brasil-e-no-mundo-pos-covid-19\/#article","isPartOf":{"@id":"https:\/\/prevconsulting.com\/site\/como-ficara-o-cenario-economico-no-brasil-e-no-mundo-pos-covid-19\/"},"author":{"name":"propagatur","@id":"https:\/\/prevconsulting.com\/site\/#\/schema\/person\/02655bfb85a1b4438a5e96ae641d1870"},"headline":"Como ficar\u00e1 o cen\u00e1rio econ\u00f4mico no Brasil e no mundo p\u00f3s-Covid-19","datePublished":"2021-10-08T14:32:32+00:00","mainEntityOfPage":{"@id":"https:\/\/prevconsulting.com\/site\/como-ficara-o-cenario-economico-no-brasil-e-no-mundo-pos-covid-19\/"},"wordCount":702,"commentCount":0,"publisher":{"@id":"https:\/\/prevconsulting.com\/site\/#organization"},"image":{"@id":"https:\/\/prevconsulting.com\/site\/como-ficara-o-cenario-economico-no-brasil-e-no-mundo-pos-covid-19\/#primaryimage"},"thumbnailUrl":"https:\/\/prevconsulting.com\/site\/wp-content\/uploads\/2021\/10\/Blog-Prev.png","keywords":["cen\u00e1rio econ\u00f4mico","COVID-19","economia","Economia mundial","empresas","investimentos","neg\u00f3cios","p\u00f3s-pandemia","PrevConsulting"],"articleSection":["Blog","Investimentos"],"inLanguage":"pt-BR"},{"@type":"WebPage","@id":"https:\/\/prevconsulting.com\/site\/como-ficara-o-cenario-economico-no-brasil-e-no-mundo-pos-covid-19\/","url":"https:\/\/prevconsulting.com\/site\/como-ficara-o-cenario-economico-no-brasil-e-no-mundo-pos-covid-19\/","name":"Como ficar\u00e1 o cen\u00e1rio econ\u00f4mico no Brasil e no mundo p\u00f3s-Covid-19","isPartOf":{"@id":"https:\/\/prevconsulting.com\/site\/#website"},"primaryImageOfPage":{"@id":"https:\/\/prevconsulting.com\/site\/como-ficara-o-cenario-economico-no-brasil-e-no-mundo-pos-covid-19\/#primaryimage"},"image":{"@id":"https:\/\/prevconsulting.com\/site\/como-ficara-o-cenario-economico-no-brasil-e-no-mundo-pos-covid-19\/#primaryimage"},"thumbnailUrl":"https:\/\/prevconsulting.com\/site\/wp-content\/uploads\/2021\/10\/Blog-Prev.png","datePublished":"2021-10-08T14:32:32+00:00","description":"Muitos especialistas se preocupam com o futuro do Brasil e do mundo p\u00f3s-covid-19. Confira o que eles dizem a respeito deste cen\u00e1rio pr\u00f3ximo.","breadcrumb":{"@id":"https:\/\/prevconsulting.com\/site\/como-ficara-o-cenario-economico-no-brasil-e-no-mundo-pos-covid-19\/#breadcrumb"},"inLanguage":"pt-BR","potentialAction":[{"@type":"ReadAction","target":["https:\/\/prevconsulting.com\/site\/como-ficara-o-cenario-economico-no-brasil-e-no-mundo-pos-covid-19\/"]}]},{"@type":"ImageObject","inLanguage":"pt-BR","@id":"https:\/\/prevconsulting.com\/site\/como-ficara-o-cenario-economico-no-brasil-e-no-mundo-pos-covid-19\/#primaryimage","url":"https:\/\/prevconsulting.com\/site\/wp-content\/uploads\/2021\/10\/Blog-Prev.png","contentUrl":"https:\/\/prevconsulting.com\/site\/wp-content\/uploads\/2021\/10\/Blog-Prev.png","width":1024,"height":536},{"@type":"BreadcrumbList","@id":"https:\/\/prevconsulting.com\/site\/como-ficara-o-cenario-economico-no-brasil-e-no-mundo-pos-covid-19\/#breadcrumb","itemListElement":[{"@type":"ListItem","position":1,"name":"In\u00edcio","item":"https:\/\/prevconsulting.com\/site\/"},{"@type":"ListItem","position":2,"name":"Como ficar\u00e1 o cen\u00e1rio econ\u00f4mico no Brasil e no mundo p\u00f3s-Covid-19"}]},{"@type":"WebSite","@id":"https:\/\/prevconsulting.com\/site\/#website","url":"https:\/\/prevconsulting.com\/site\/","name":"PrevConsulting","description":"Consultoria Patrimonial","publisher":{"@id":"https:\/\/prevconsulting.com\/site\/#organization"},"potentialAction":[{"@type":"SearchAction","target":{"@type":"EntryPoint","urlTemplate":"https:\/\/prevconsulting.com\/site\/?s={search_term_string}"},"query-input":{"@type":"PropertyValueSpecification","valueRequired":true,"valueName":"search_term_string"}}],"inLanguage":"pt-BR"},{"@type":"Organization","@id":"https:\/\/prevconsulting.com\/site\/#organization","name":"PrevConsulting","url":"https:\/\/prevconsulting.com\/site\/","logo":{"@type":"ImageObject","inLanguage":"pt-BR","@id":"https:\/\/prevconsulting.com\/site\/#\/schema\/logo\/image\/","url":"https:\/\/prevconsulting.com\/site\/wp-content\/uploads\/2024\/07\/favicon-prev.png","contentUrl":"https:\/\/prevconsulting.com\/site\/wp-content\/uploads\/2024\/07\/favicon-prev.png","width":600,"height":600,"caption":"PrevConsulting"},"image":{"@id":"https:\/\/prevconsulting.com\/site\/#\/schema\/logo\/image\/"},"sameAs":["https:\/\/www.facebook.com\/prevconsulting","https:\/\/www.instagram.com\/prevconsulting\/","https:\/\/www.linkedin.com\/company\/prevconsulting\/"]},{"@type":"Person","@id":"https:\/\/prevconsulting.com\/site\/#\/schema\/person\/02655bfb85a1b4438a5e96ae641d1870","name":"propagatur","image":{"@type":"ImageObject","inLanguage":"pt-BR","@id":"https:\/\/prevconsulting.com\/site\/#\/schema\/person\/image\/","url":"https:\/\/secure.gravatar.com\/avatar\/341cd389e8cc99f685a9a5e2933011b39067d7eac043a5dd0117b04a05420808?s=96&d=mm&r=g","contentUrl":"https:\/\/secure.gravatar.com\/avatar\/341cd389e8cc99f685a9a5e2933011b39067d7eac043a5dd0117b04a05420808?s=96&d=mm&r=g","caption":"propagatur"}}]}},"_links":{"self":[{"href":"https:\/\/prevconsulting.com\/site\/wp-json\/wp\/v2\/posts\/6924","targetHints":{"allow":["GET"]}}],"collection":[{"href":"https:\/\/prevconsulting.com\/site\/wp-json\/wp\/v2\/posts"}],"about":[{"href":"https:\/\/prevconsulting.com\/site\/wp-json\/wp\/v2\/types\/post"}],"author":[{"embeddable":true,"href":"https:\/\/prevconsulting.com\/site\/wp-json\/wp\/v2\/users\/1"}],"replies":[{"embeddable":true,"href":"https:\/\/prevconsulting.com\/site\/wp-json\/wp\/v2\/comments?post=6924"}],"version-history":[{"count":5,"href":"https:\/\/prevconsulting.com\/site\/wp-json\/wp\/v2\/posts\/6924\/revisions"}],"predecessor-version":[{"id":6934,"href":"https:\/\/prevconsulting.com\/site\/wp-json\/wp\/v2\/posts\/6924\/revisions\/6934"}],"wp:featuredmedia":[{"embeddable":true,"href":"https:\/\/prevconsulting.com\/site\/wp-json\/wp\/v2\/media\/6928"}],"wp:attachment":[{"href":"https:\/\/prevconsulting.com\/site\/wp-json\/wp\/v2\/media?parent=6924"}],"wp:term":[{"taxonomy":"category","embeddable":true,"href":"https:\/\/prevconsulting.com\/site\/wp-json\/wp\/v2\/categories?post=6924"},{"taxonomy":"post_tag","embeddable":true,"href":"https:\/\/prevconsulting.com\/site\/wp-json\/wp\/v2\/tags?post=6924"}],"curies":[{"name":"wp","href":"https:\/\/api.w.org\/{rel}","templated":true}]}}