{"id":6676,"date":"2020-10-23T12:21:18","date_gmt":"2020-10-23T15:21:18","guid":{"rendered":"https:\/\/prevconsulting.com\/site\/?p=6676"},"modified":"2020-10-26T16:41:33","modified_gmt":"2020-10-26T19:41:33","slug":"os-efeitos-de-2020-nos-precos-dos-ativos","status":"publish","type":"post","link":"https:\/\/prevconsulting.com\/site\/os-efeitos-de-2020-nos-precos-dos-ativos\/","title":{"rendered":"Os efeitos de 2020 nos pre\u00e7os dos ativos"},"content":{"rendered":"\n<p>O ano de 2020 pode ser considerado um ano bastante at\u00edpico para os pre\u00e7os de mercado. A pandemia da Covid-19 balan\u00e7a os pre\u00e7os dos ativos, e esses fatores elevam a incerteza no mercado.&nbsp;<\/p>\n\n\n\n<p>No caso das empresas, por exemplo, o lucro \u00e9 geralmente colocado como o principal fator para sua valora\u00e7\u00e3o. Mesmo considerado estritamente verdadeiro no longo prazo, no curto e m\u00e9dio prazo, muitas vezes sinais (ou ru\u00eddos) pol\u00edticos s\u00e3o pontos focais na narrativa sobre os pre\u00e7os de ativos. Detalhe: estamos falando do Brasil. O assunto elei\u00e7\u00f5es, por exemplo, tende a trazer muito mais volatilidade para os ativos do mercado brasileiro e da Am\u00e9rica latina que em pa\u00edses asi\u00e1ticos.<\/p>\n\n\n\n<h3 class=\"wp-block-heading\">O ponto \u00e9 &#8230;<\/h3>\n\n\n\n<p>Meses ap\u00f3s o in\u00edcio da pandemia no Brasil, um dos assuntos que mais movimentam a narrativa sobre as varia\u00e7\u00f5es nos ativos passa da sa\u00fade para a pol\u00edtica. Apesar de dados de atividade econ\u00f4mica mais recentes terem dado suporte para recupera\u00e7\u00e3o de pre\u00e7os, as autoridades brasileiras decidem, como consequ\u00eancia da pandemia, por ampla resposta fiscal.&nbsp;<\/p>\n\n\n\n<p class=\"has-text-align-center\"><a href=\"https:\/\/www.bcb.gov.br\/conteudo\/home-ptbr\/TextosApresentacoes\/Apresenta%C3%A7%C3%A3o_RCN_IMF%20Annual_VPUB.pdf\">Resposta Fiscal vs PIB<\/a><\/p>\n\n\n\n<figure class=\"wp-block-image size-large\"><img fetchpriority=\"high\" decoding=\"async\" width=\"785\" height=\"442\" src=\"https:\/\/prevconsulting.com\/site\/wp-content\/uploads\/2020\/10\/image.png\" alt=\"\" class=\"wp-image-6681\" srcset=\"https:\/\/prevconsulting.com\/site\/wp-content\/uploads\/2020\/10\/image.png 785w, https:\/\/prevconsulting.com\/site\/wp-content\/uploads\/2020\/10\/image-300x169.png 300w, https:\/\/prevconsulting.com\/site\/wp-content\/uploads\/2020\/10\/image-768x432.png 768w\" sizes=\"(max-width: 785px) 100vw, 785px\" \/><figcaption>Fonte: Banco Central do Brasil<\/figcaption><\/figure>\n\n\n\n<p>Os dados do Banco Central mostram que as medidas j\u00e1 anunciadas t\u00eam magnitude de cerca de 9% do PIB. \u00c9 vis\u00edvel que o Brasil, em propor\u00e7\u00e3o do PIB, gasta de forma semelhante aos pa\u00edses mais desenvolvidos, como os Estados Unidos e Alemanha, com maior facilidade para financiar tais gastos, ou, pelo menos, menor custo para execut\u00e1-los. Diversos pa\u00edses emergentes gastam menos de 4% do PIB em respostas fiscais com intuito de diminuir os efeitos econ\u00f4micos da pandemia.<\/p>\n\n\n\n<p>Os pre\u00e7os de mercado v\u00eam se recuperando das m\u00ednimas do ano. O impulso fiscal, mesmo alto, \u00e9 considerado um <em>outlier<\/em>, ou um ponto fora da curva, no pa\u00eds que defende a responsabilidade fiscal.&nbsp;<\/p>\n\n\n\n<h3 class=\"wp-block-heading\">No entanto &#8230;<\/h3>\n\n\n\n<p>Muitos ru\u00eddos pol\u00edticos entram no radar dos investidores, e a vis\u00e3o de um governo respons\u00e1vel com o dinheiro p\u00fablico \u00e9 abalada.&nbsp;<\/p>\n\n\n\n<p>A popularidade do governo vem em baixa durante boa parte do primeiro semestre do ano, inclusive com a palavra <em>impeachment<\/em> aparecendo em alguns ve\u00edculos de imprensa. Ao final de setembro e in\u00edcio de outubro, ocorreu uma grande melhora na avalia\u00e7\u00e3o, principalmente nas regi\u00f5es mais humildes do pa\u00eds. Assim, o <em>link<\/em> do aux\u00edlio emergencial com a popularidade do governo \u00e9 considerado, e a busca por nova proposta que aumente as transfer\u00eancias de renda, com novo programa para substituir o Bolsa Fam\u00edlia, come\u00e7ou.<\/p>\n\n\n\n<p>Primeiro aparece o programa Renda Brasil. Depois de ru\u00eddos, o PR, em v\u00eddeo, argumenta que quem falar em Renda Brasil novamente ser\u00e1 exonerado do cargo. O aparente motivo \u00e9 que o minist\u00e9rio da economia havia proposto o congelamento do sal\u00e1rio m\u00ednimo por um per\u00edodo de 2 anos e o fim do abono salarial para financiar o programa, medidas consideradas muito impopulares. Assim, o PR disse que n\u00e3o tirar\u00e1 dinheiro dos pobres para dar aos muito pobres.<\/p>\n\n\n\n<p>Passada a \u201cprimeira onda\u201d, o programa tem seu nome alterado e continua a ganhar espa\u00e7o na m\u00eddia. Renda Cidad\u00e3, Renda Brasil, pouco importa o nome: o objetivo de aumentar as transfer\u00eancias para as pessoas mais necessitadas n\u00e3o sai do radar. O verdadeiro problema n\u00e3o \u00e9 o fim, mas o meio: nenhuma nova fonte de financiamento \u00e9 estabelecida, o que gera um grande ru\u00eddo no mercado.&nbsp;&nbsp;<\/p>\n\n\n\n<p>Entre idas e vindas, o respeito ao teto de gastos e o futuro de Paulo Guedes frente ao Minist\u00e9rio da Fazenda, maior defensor do teto, s\u00e3o colocados em d\u00favida. Seriam os \u00faltimos anos de um m\u00ednimo de responsabilidade fiscal jogados no lixo?<\/p>\n\n\n\n<p>O governo anuncia o novo programa de renda. Financiado por precat\u00f3rios e por dinheiro destinado \u00e0 educa\u00e7\u00e3o.<\/p>\n\n\n\n<h3 class=\"wp-block-heading\"><strong>Como assim?<\/strong><\/h3>\n\n\n\n<p>Simples. No primeiro, o governo paga menos d\u00edvida de precat\u00f3rios (que j\u00e1 est\u00e3o destinadas no or\u00e7amento), o que seria um calote de d\u00edvida, e utiliza esse recurso para financiar o programa. No segundo, um percentual do FUNDEB \u00e9 utilizado para tal. Ambos n\u00e3o foram escolhidos sem motivo: n\u00e3o entram na conta do teto de gastos. Os participantes do mercado percebem tal proposta como um drible ao mesmo. Como teria Paulo Guedes permitido tal medida? Teria ele perdido espa\u00e7o no governo?<\/p>\n\n\n\n<p>Fato \u00e9 que a cota\u00e7\u00e3o do d\u00f3lar dispara da casa dos R$5,20 \/ R$ 5,30 para R$5,50 \/ R$ 5,60, o Ibovespa recua de 105 mil pontos para pouco mais de 93 mil pontos e os t\u00edtulos de d\u00edvida do tesouro t\u00eam taxas bastante elevadas devido ao risco fiscal. Al\u00e9m disso, reformas e programas que realmente podem melhorar a vida dos brasileiros ao longo do tempo, de forma sustent\u00e1vel, basicamente saem das manchetes e n\u00e3o tem perspectiva de aprova\u00e7\u00e3o em per\u00edodo pr\u00f3ximo.<\/p>\n\n\n\n<p>A rea\u00e7\u00e3o negativa nos pre\u00e7os de ativos parece ter auxiliado a classe pol\u00edtica a entender, pelo menos temporariamente, que essas medidas, da forma como propostas, n\u00e3o s\u00e3o ben\u00e9ficas para o pa\u00eds. Novas afirma\u00e7\u00f5es do PR, do presidente da C\u00e2mara e de outras autoridades relevantes, dando um passo atr\u00e1s nessa proposta totalmente sem nexo, servem de plano de fundo para levar o Ibovespa novamente a casa dos 100.000 pontos e a curva de juros e d\u00f3lar a, pelo menos, diminuir o stress.<\/p>\n\n\n\n<p>No pa\u00eds em que propostas pol\u00edticas t\u00eam mais ondas que a pandemia, quem \u00e9 o professor mais importante do Brasil? Infelizmente, n\u00e3o sabemos dizer. Em 2020, os pre\u00e7os de mercado, quem sabe, mere\u00e7am concorrer ao pr\u00eamio.&nbsp;<br><\/p>\n\n\n\n<p>Autor: Hugo Szmidt Neto &#8211; Mestre em Economia.<br><\/p>\n","protected":false},"excerpt":{"rendered":"<p>O ano de 2020 pode ser considerado um ano bastante at\u00edpico para os pre\u00e7os de mercado. A pandemia da Covid-19 balan\u00e7a os pre\u00e7os dos ativos, e esses fatores elevam a incerteza no mercado.&nbsp; No caso das empresas, por exemplo, o lucro \u00e9 geralmente colocado como o principal fator para sua valora\u00e7\u00e3o. Mesmo considerado estritamente verdadeiro [&hellip;]<\/p>\n","protected":false},"author":1,"featured_media":6678,"comment_status":"open","ping_status":"open","sticky":false,"template":"","format":"standard","meta":{"footnotes":""},"categories":[15,24],"tags":[174,175,73,33,45,41],"class_list":["post-6676","post","type-post","status-publish","format-standard","has-post-thumbnail","hentry","category-blog","category-investimentos","tag-174","tag-covid-19","tag-investidores","tag-investimentos","tag-investimentos-internacionais","tag-patrimonio"],"yoast_head":"<!-- This site is optimized with the Yoast SEO plugin v26.0 - https:\/\/yoast.com\/wordpress\/plugins\/seo\/ -->\n<title>Os efeitos de 2020 nos pre\u00e7os dos ativos - PrevConsulting<\/title>\n<meta name=\"robots\" content=\"index, follow, max-snippet:-1, max-image-preview:large, max-video-preview:-1\" \/>\n<link rel=\"canonical\" href=\"https:\/\/prevconsulting.com\/site\/os-efeitos-de-2020-nos-precos-dos-ativos\/\" \/>\n<meta property=\"og:locale\" content=\"pt_BR\" \/>\n<meta property=\"og:type\" content=\"article\" \/>\n<meta property=\"og:title\" content=\"Os efeitos de 2020 nos pre\u00e7os dos ativos - PrevConsulting\" \/>\n<meta property=\"og:description\" content=\"O ano de 2020 pode ser considerado um ano bastante at\u00edpico para os pre\u00e7os de mercado. A pandemia da Covid-19 balan\u00e7a os pre\u00e7os dos ativos, e esses fatores elevam a incerteza no mercado.&nbsp; No caso das empresas, por exemplo, o lucro \u00e9 geralmente colocado como o principal fator para sua valora\u00e7\u00e3o. Mesmo considerado estritamente verdadeiro [&hellip;]\" \/>\n<meta property=\"og:url\" content=\"https:\/\/prevconsulting.com\/site\/os-efeitos-de-2020-nos-precos-dos-ativos\/\" \/>\n<meta property=\"og:site_name\" content=\"PrevConsulting\" \/>\n<meta property=\"article:publisher\" content=\"https:\/\/www.facebook.com\/prevconsulting\" \/>\n<meta property=\"article:published_time\" content=\"2020-10-23T15:21:18+00:00\" \/>\n<meta property=\"article:modified_time\" content=\"2020-10-26T19:41:33+00:00\" \/>\n<meta property=\"og:image\" content=\"https:\/\/prevconsulting.com\/site\/wp-content\/uploads\/2020\/10\/os-efeitos-de-2020-nos-precos-dos-ativos-capa.jpg\" \/>\n\t<meta property=\"og:image:width\" content=\"1200\" \/>\n\t<meta property=\"og:image:height\" content=\"628\" \/>\n\t<meta property=\"og:image:type\" content=\"image\/jpeg\" \/>\n<meta name=\"author\" content=\"propagatur\" \/>\n<meta name=\"twitter:card\" content=\"summary_large_image\" \/>\n<meta name=\"twitter:label1\" content=\"Escrito por\" \/>\n\t<meta name=\"twitter:data1\" content=\"propagatur\" \/>\n\t<meta name=\"twitter:label2\" content=\"Est. tempo de leitura\" \/>\n\t<meta name=\"twitter:data2\" content=\"5 minutos\" \/>\n<script type=\"application\/ld+json\" class=\"yoast-schema-graph\">{\"@context\":\"https:\/\/schema.org\",\"@graph\":[{\"@type\":\"Article\",\"@id\":\"https:\/\/prevconsulting.com\/site\/os-efeitos-de-2020-nos-precos-dos-ativos\/#article\",\"isPartOf\":{\"@id\":\"https:\/\/prevconsulting.com\/site\/os-efeitos-de-2020-nos-precos-dos-ativos\/\"},\"author\":{\"name\":\"propagatur\",\"@id\":\"https:\/\/prevconsulting.com\/site\/#\/schema\/person\/02655bfb85a1b4438a5e96ae641d1870\"},\"headline\":\"Os efeitos de 2020 nos pre\u00e7os dos ativos\",\"datePublished\":\"2020-10-23T15:21:18+00:00\",\"dateModified\":\"2020-10-26T19:41:33+00:00\",\"mainEntityOfPage\":{\"@id\":\"https:\/\/prevconsulting.com\/site\/os-efeitos-de-2020-nos-precos-dos-ativos\/\"},\"wordCount\":972,\"commentCount\":0,\"publisher\":{\"@id\":\"https:\/\/prevconsulting.com\/site\/#organization\"},\"image\":{\"@id\":\"https:\/\/prevconsulting.com\/site\/os-efeitos-de-2020-nos-precos-dos-ativos\/#primaryimage\"},\"thumbnailUrl\":\"https:\/\/prevconsulting.com\/site\/wp-content\/uploads\/2020\/10\/os-efeitos-de-2020-nos-precos-dos-ativos-capa.jpg\",\"keywords\":[\"2020\",\"COVID-19\",\"investidores\",\"investimentos\",\"investimentos internacionais\",\"patrim\u00f4nio\"],\"articleSection\":[\"Blog\",\"Investimentos\"],\"inLanguage\":\"pt-BR\"},{\"@type\":\"WebPage\",\"@id\":\"https:\/\/prevconsulting.com\/site\/os-efeitos-de-2020-nos-precos-dos-ativos\/\",\"url\":\"https:\/\/prevconsulting.com\/site\/os-efeitos-de-2020-nos-precos-dos-ativos\/\",\"name\":\"Os efeitos de 2020 nos pre\u00e7os dos ativos - PrevConsulting\",\"isPartOf\":{\"@id\":\"https:\/\/prevconsulting.com\/site\/#website\"},\"primaryImageOfPage\":{\"@id\":\"https:\/\/prevconsulting.com\/site\/os-efeitos-de-2020-nos-precos-dos-ativos\/#primaryimage\"},\"image\":{\"@id\":\"https:\/\/prevconsulting.com\/site\/os-efeitos-de-2020-nos-precos-dos-ativos\/#primaryimage\"},\"thumbnailUrl\":\"https:\/\/prevconsulting.com\/site\/wp-content\/uploads\/2020\/10\/os-efeitos-de-2020-nos-precos-dos-ativos-capa.jpg\",\"datePublished\":\"2020-10-23T15:21:18+00:00\",\"dateModified\":\"2020-10-26T19:41:33+00:00\",\"breadcrumb\":{\"@id\":\"https:\/\/prevconsulting.com\/site\/os-efeitos-de-2020-nos-precos-dos-ativos\/#breadcrumb\"},\"inLanguage\":\"pt-BR\",\"potentialAction\":[{\"@type\":\"ReadAction\",\"target\":[\"https:\/\/prevconsulting.com\/site\/os-efeitos-de-2020-nos-precos-dos-ativos\/\"]}]},{\"@type\":\"ImageObject\",\"inLanguage\":\"pt-BR\",\"@id\":\"https:\/\/prevconsulting.com\/site\/os-efeitos-de-2020-nos-precos-dos-ativos\/#primaryimage\",\"url\":\"https:\/\/prevconsulting.com\/site\/wp-content\/uploads\/2020\/10\/os-efeitos-de-2020-nos-precos-dos-ativos-capa.jpg\",\"contentUrl\":\"https:\/\/prevconsulting.com\/site\/wp-content\/uploads\/2020\/10\/os-efeitos-de-2020-nos-precos-dos-ativos-capa.jpg\",\"width\":1200,\"height\":628},{\"@type\":\"BreadcrumbList\",\"@id\":\"https:\/\/prevconsulting.com\/site\/os-efeitos-de-2020-nos-precos-dos-ativos\/#breadcrumb\",\"itemListElement\":[{\"@type\":\"ListItem\",\"position\":1,\"name\":\"In\u00edcio\",\"item\":\"https:\/\/prevconsulting.com\/site\/\"},{\"@type\":\"ListItem\",\"position\":2,\"name\":\"Os efeitos de 2020 nos pre\u00e7os dos ativos\"}]},{\"@type\":\"WebSite\",\"@id\":\"https:\/\/prevconsulting.com\/site\/#website\",\"url\":\"https:\/\/prevconsulting.com\/site\/\",\"name\":\"PrevConsulting\",\"description\":\"Consultoria Patrimonial\",\"publisher\":{\"@id\":\"https:\/\/prevconsulting.com\/site\/#organization\"},\"potentialAction\":[{\"@type\":\"SearchAction\",\"target\":{\"@type\":\"EntryPoint\",\"urlTemplate\":\"https:\/\/prevconsulting.com\/site\/?s={search_term_string}\"},\"query-input\":{\"@type\":\"PropertyValueSpecification\",\"valueRequired\":true,\"valueName\":\"search_term_string\"}}],\"inLanguage\":\"pt-BR\"},{\"@type\":\"Organization\",\"@id\":\"https:\/\/prevconsulting.com\/site\/#organization\",\"name\":\"PrevConsulting\",\"url\":\"https:\/\/prevconsulting.com\/site\/\",\"logo\":{\"@type\":\"ImageObject\",\"inLanguage\":\"pt-BR\",\"@id\":\"https:\/\/prevconsulting.com\/site\/#\/schema\/logo\/image\/\",\"url\":\"https:\/\/prevconsulting.com\/site\/wp-content\/uploads\/2024\/07\/favicon-prev.png\",\"contentUrl\":\"https:\/\/prevconsulting.com\/site\/wp-content\/uploads\/2024\/07\/favicon-prev.png\",\"width\":600,\"height\":600,\"caption\":\"PrevConsulting\"},\"image\":{\"@id\":\"https:\/\/prevconsulting.com\/site\/#\/schema\/logo\/image\/\"},\"sameAs\":[\"https:\/\/www.facebook.com\/prevconsulting\",\"https:\/\/www.instagram.com\/prevconsulting\/\",\"https:\/\/www.linkedin.com\/company\/prevconsulting\/\"]},{\"@type\":\"Person\",\"@id\":\"https:\/\/prevconsulting.com\/site\/#\/schema\/person\/02655bfb85a1b4438a5e96ae641d1870\",\"name\":\"propagatur\",\"image\":{\"@type\":\"ImageObject\",\"inLanguage\":\"pt-BR\",\"@id\":\"https:\/\/prevconsulting.com\/site\/#\/schema\/person\/image\/\",\"url\":\"https:\/\/secure.gravatar.com\/avatar\/341cd389e8cc99f685a9a5e2933011b39067d7eac043a5dd0117b04a05420808?s=96&d=mm&r=g\",\"contentUrl\":\"https:\/\/secure.gravatar.com\/avatar\/341cd389e8cc99f685a9a5e2933011b39067d7eac043a5dd0117b04a05420808?s=96&d=mm&r=g\",\"caption\":\"propagatur\"}}]}<\/script>\n<!-- \/ Yoast SEO plugin. -->","yoast_head_json":{"title":"Os efeitos de 2020 nos pre\u00e7os dos ativos - PrevConsulting","robots":{"index":"index","follow":"follow","max-snippet":"max-snippet:-1","max-image-preview":"max-image-preview:large","max-video-preview":"max-video-preview:-1"},"canonical":"https:\/\/prevconsulting.com\/site\/os-efeitos-de-2020-nos-precos-dos-ativos\/","og_locale":"pt_BR","og_type":"article","og_title":"Os efeitos de 2020 nos pre\u00e7os dos ativos - PrevConsulting","og_description":"O ano de 2020 pode ser considerado um ano bastante at\u00edpico para os pre\u00e7os de mercado. A pandemia da Covid-19 balan\u00e7a os pre\u00e7os dos ativos, e esses fatores elevam a incerteza no mercado.&nbsp; No caso das empresas, por exemplo, o lucro \u00e9 geralmente colocado como o principal fator para sua valora\u00e7\u00e3o. Mesmo considerado estritamente verdadeiro [&hellip;]","og_url":"https:\/\/prevconsulting.com\/site\/os-efeitos-de-2020-nos-precos-dos-ativos\/","og_site_name":"PrevConsulting","article_publisher":"https:\/\/www.facebook.com\/prevconsulting","article_published_time":"2020-10-23T15:21:18+00:00","article_modified_time":"2020-10-26T19:41:33+00:00","og_image":[{"width":1200,"height":628,"url":"https:\/\/prevconsulting.com\/site\/wp-content\/uploads\/2020\/10\/os-efeitos-de-2020-nos-precos-dos-ativos-capa.jpg","type":"image\/jpeg"}],"author":"propagatur","twitter_card":"summary_large_image","twitter_misc":{"Escrito por":"propagatur","Est. tempo de leitura":"5 minutos"},"schema":{"@context":"https:\/\/schema.org","@graph":[{"@type":"Article","@id":"https:\/\/prevconsulting.com\/site\/os-efeitos-de-2020-nos-precos-dos-ativos\/#article","isPartOf":{"@id":"https:\/\/prevconsulting.com\/site\/os-efeitos-de-2020-nos-precos-dos-ativos\/"},"author":{"name":"propagatur","@id":"https:\/\/prevconsulting.com\/site\/#\/schema\/person\/02655bfb85a1b4438a5e96ae641d1870"},"headline":"Os efeitos de 2020 nos pre\u00e7os dos ativos","datePublished":"2020-10-23T15:21:18+00:00","dateModified":"2020-10-26T19:41:33+00:00","mainEntityOfPage":{"@id":"https:\/\/prevconsulting.com\/site\/os-efeitos-de-2020-nos-precos-dos-ativos\/"},"wordCount":972,"commentCount":0,"publisher":{"@id":"https:\/\/prevconsulting.com\/site\/#organization"},"image":{"@id":"https:\/\/prevconsulting.com\/site\/os-efeitos-de-2020-nos-precos-dos-ativos\/#primaryimage"},"thumbnailUrl":"https:\/\/prevconsulting.com\/site\/wp-content\/uploads\/2020\/10\/os-efeitos-de-2020-nos-precos-dos-ativos-capa.jpg","keywords":["2020","COVID-19","investidores","investimentos","investimentos internacionais","patrim\u00f4nio"],"articleSection":["Blog","Investimentos"],"inLanguage":"pt-BR"},{"@type":"WebPage","@id":"https:\/\/prevconsulting.com\/site\/os-efeitos-de-2020-nos-precos-dos-ativos\/","url":"https:\/\/prevconsulting.com\/site\/os-efeitos-de-2020-nos-precos-dos-ativos\/","name":"Os efeitos de 2020 nos pre\u00e7os dos ativos - PrevConsulting","isPartOf":{"@id":"https:\/\/prevconsulting.com\/site\/#website"},"primaryImageOfPage":{"@id":"https:\/\/prevconsulting.com\/site\/os-efeitos-de-2020-nos-precos-dos-ativos\/#primaryimage"},"image":{"@id":"https:\/\/prevconsulting.com\/site\/os-efeitos-de-2020-nos-precos-dos-ativos\/#primaryimage"},"thumbnailUrl":"https:\/\/prevconsulting.com\/site\/wp-content\/uploads\/2020\/10\/os-efeitos-de-2020-nos-precos-dos-ativos-capa.jpg","datePublished":"2020-10-23T15:21:18+00:00","dateModified":"2020-10-26T19:41:33+00:00","breadcrumb":{"@id":"https:\/\/prevconsulting.com\/site\/os-efeitos-de-2020-nos-precos-dos-ativos\/#breadcrumb"},"inLanguage":"pt-BR","potentialAction":[{"@type":"ReadAction","target":["https:\/\/prevconsulting.com\/site\/os-efeitos-de-2020-nos-precos-dos-ativos\/"]}]},{"@type":"ImageObject","inLanguage":"pt-BR","@id":"https:\/\/prevconsulting.com\/site\/os-efeitos-de-2020-nos-precos-dos-ativos\/#primaryimage","url":"https:\/\/prevconsulting.com\/site\/wp-content\/uploads\/2020\/10\/os-efeitos-de-2020-nos-precos-dos-ativos-capa.jpg","contentUrl":"https:\/\/prevconsulting.com\/site\/wp-content\/uploads\/2020\/10\/os-efeitos-de-2020-nos-precos-dos-ativos-capa.jpg","width":1200,"height":628},{"@type":"BreadcrumbList","@id":"https:\/\/prevconsulting.com\/site\/os-efeitos-de-2020-nos-precos-dos-ativos\/#breadcrumb","itemListElement":[{"@type":"ListItem","position":1,"name":"In\u00edcio","item":"https:\/\/prevconsulting.com\/site\/"},{"@type":"ListItem","position":2,"name":"Os efeitos de 2020 nos pre\u00e7os dos ativos"}]},{"@type":"WebSite","@id":"https:\/\/prevconsulting.com\/site\/#website","url":"https:\/\/prevconsulting.com\/site\/","name":"PrevConsulting","description":"Consultoria Patrimonial","publisher":{"@id":"https:\/\/prevconsulting.com\/site\/#organization"},"potentialAction":[{"@type":"SearchAction","target":{"@type":"EntryPoint","urlTemplate":"https:\/\/prevconsulting.com\/site\/?s={search_term_string}"},"query-input":{"@type":"PropertyValueSpecification","valueRequired":true,"valueName":"search_term_string"}}],"inLanguage":"pt-BR"},{"@type":"Organization","@id":"https:\/\/prevconsulting.com\/site\/#organization","name":"PrevConsulting","url":"https:\/\/prevconsulting.com\/site\/","logo":{"@type":"ImageObject","inLanguage":"pt-BR","@id":"https:\/\/prevconsulting.com\/site\/#\/schema\/logo\/image\/","url":"https:\/\/prevconsulting.com\/site\/wp-content\/uploads\/2024\/07\/favicon-prev.png","contentUrl":"https:\/\/prevconsulting.com\/site\/wp-content\/uploads\/2024\/07\/favicon-prev.png","width":600,"height":600,"caption":"PrevConsulting"},"image":{"@id":"https:\/\/prevconsulting.com\/site\/#\/schema\/logo\/image\/"},"sameAs":["https:\/\/www.facebook.com\/prevconsulting","https:\/\/www.instagram.com\/prevconsulting\/","https:\/\/www.linkedin.com\/company\/prevconsulting\/"]},{"@type":"Person","@id":"https:\/\/prevconsulting.com\/site\/#\/schema\/person\/02655bfb85a1b4438a5e96ae641d1870","name":"propagatur","image":{"@type":"ImageObject","inLanguage":"pt-BR","@id":"https:\/\/prevconsulting.com\/site\/#\/schema\/person\/image\/","url":"https:\/\/secure.gravatar.com\/avatar\/341cd389e8cc99f685a9a5e2933011b39067d7eac043a5dd0117b04a05420808?s=96&d=mm&r=g","contentUrl":"https:\/\/secure.gravatar.com\/avatar\/341cd389e8cc99f685a9a5e2933011b39067d7eac043a5dd0117b04a05420808?s=96&d=mm&r=g","caption":"propagatur"}}]}},"_links":{"self":[{"href":"https:\/\/prevconsulting.com\/site\/wp-json\/wp\/v2\/posts\/6676","targetHints":{"allow":["GET"]}}],"collection":[{"href":"https:\/\/prevconsulting.com\/site\/wp-json\/wp\/v2\/posts"}],"about":[{"href":"https:\/\/prevconsulting.com\/site\/wp-json\/wp\/v2\/types\/post"}],"author":[{"embeddable":true,"href":"https:\/\/prevconsulting.com\/site\/wp-json\/wp\/v2\/users\/1"}],"replies":[{"embeddable":true,"href":"https:\/\/prevconsulting.com\/site\/wp-json\/wp\/v2\/comments?post=6676"}],"version-history":[{"count":5,"href":"https:\/\/prevconsulting.com\/site\/wp-json\/wp\/v2\/posts\/6676\/revisions"}],"predecessor-version":[{"id":6693,"href":"https:\/\/prevconsulting.com\/site\/wp-json\/wp\/v2\/posts\/6676\/revisions\/6693"}],"wp:featuredmedia":[{"embeddable":true,"href":"https:\/\/prevconsulting.com\/site\/wp-json\/wp\/v2\/media\/6678"}],"wp:attachment":[{"href":"https:\/\/prevconsulting.com\/site\/wp-json\/wp\/v2\/media?parent=6676"}],"wp:term":[{"taxonomy":"category","embeddable":true,"href":"https:\/\/prevconsulting.com\/site\/wp-json\/wp\/v2\/categories?post=6676"},{"taxonomy":"post_tag","embeddable":true,"href":"https:\/\/prevconsulting.com\/site\/wp-json\/wp\/v2\/tags?post=6676"}],"curies":[{"name":"wp","href":"https:\/\/api.w.org\/{rel}","templated":true}]}}